{"id":8876,"date":"2020-05-10T13:00:08","date_gmt":"2020-05-10T11:00:08","guid":{"rendered":"http:\/\/www.vorbei-ev.de\/wwwa\/?p=8876"},"modified":"2021-03-10T15:21:42","modified_gmt":"2021-03-10T14:21:42","slug":"vereinsaktivitaeten-im-april-2020-2","status":"publish","type":"post","link":"https:\/\/www.vorbei-ev.de\/wwwa\/2020\/05\/10\/vereinsaktivitaeten-im-april-2020-2\/","title":{"rendered":"Vereinsaktivit\u00e4ten im April 2020"},"content":{"rendered":"<h2>Das Corona-Virus wirkt sich weiterhin auf unsere Vereinsarbeit aus<\/h2>\n<p>Auch im April wird unsere ehrenamtliche und gemeinn\u00fctzige Vereinsarbeit von den aktuellen Ma\u00dfnahmen, die vor einer Ansteckung mit dem Corona-Virus sch\u00fctzen sollen, reglementiert. Unsere Vereinsanlagen, die GSVBw 22 Elmlohe sowie der Museumsbunker Hannover, weisen besondere \u00f6rtliche Gegebenheiten auf, die eine Umsetzung des Ma\u00dfnahmenkataloges nicht zulassen. Aus diesem Grund sind bis auf weiteres keine Besuche oder Besichtigungen unserer Vereinsanlagen m\u00f6glich. In unseren <a href=\"https:\/\/www.vorbei-ev.de\/wwwa\/besichtigungen\/\" target=\"_blank\" rel=\"noopener noreferrer\">Besichtigungsinformationen<\/a> weisen wir auf diese Besonderheiten hin und halten diese Informationen aktuell.<\/p>\n<p>Die Arbeit in unseren Vereinsanlagen wird weiterhin mit minimalem Personaleinsatz und unter Beachtung der Schutzvorgaben fortgesetzt. Regelm\u00e4\u00dfig werden die Bauwerke, die Ausstattungen und technischen Einrichtungen im Rahmen von Funktionstests oder Sichtkontrollen \u00fcberpr\u00fcft und instand gehalten.<\/p>\n<p>&nbsp;<\/p>\n<h2>GSVBw 22 Elmlohe: Baum st\u00fcrzt in Zaunanlage<\/h2>\n<p>Im April sorgte ein umgest\u00fcrzter Baum f\u00fcr einen Schaden an der Zaunanlage \u2013 und f\u00fcr viel Arbeit. Durch das Gewicht des Baumes wurde der Zaun stark zusammengestaucht. Ein Wirtschaftsweg, der hinter dem GSVBw-Gel\u00e4nde verl\u00e4uft, konnte nicht mehr befahren werden. Auch f\u00fcr Spazierg\u00e4nger stellte der Baum ein Hindernis dar. Daher wurde der Baum umgehend entfernt. Die GSVBw 22 Elmlohe ist vollst\u00e4ndig als Gruppe baulicher Anlagen (nach \u00a7 3 Abs. 3 NDSchG) in das Verzeichnis der Kulturdenkmale (Baudenkmale) aufgenommen worden. Daher steht auch die Zaunanlage (Objekt 8) unter Denkmalschutz und musste deshalb sorgf\u00e4ltig repariert werden.<\/p>\n<figure id=\"attachment_7899\" aria-describedby=\"caption-attachment-7899\" style=\"width: 800px\" class=\"wp-caption aligncenter\"><img loading=\"lazy\" decoding=\"async\" class=\"size-full wp-image-7899\" src=\"https:\/\/www.vorbei-ev.de\/wwwa\/wp-content\/uploads\/2020\/05\/bunker-vorbei-ev_2020-04_01.jpg\" alt=\"Das Foto zeigt einen Baum, der ist in die denkmalgesch\u00fctzte Zaunanlage (Objekt 8) der GSVBw 22 Elmlohe gest\u00fcrzt ist und so f\u00fcr Schaden gesorgt hat.\" width=\"800\" height=\"600\" srcset=\"https:\/\/www.vorbei-ev.de\/wwwa\/wp-content\/uploads\/2020\/05\/bunker-vorbei-ev_2020-04_01.jpg 800w, https:\/\/www.vorbei-ev.de\/wwwa\/wp-content\/uploads\/2020\/05\/bunker-vorbei-ev_2020-04_01-400x300.jpg 400w, https:\/\/www.vorbei-ev.de\/wwwa\/wp-content\/uploads\/2020\/05\/bunker-vorbei-ev_2020-04_01-768x576.jpg 768w\" sizes=\"auto, (max-width: 706px) 89vw, (max-width: 767px) 82vw, 740px\" \/><figcaption id=\"caption-attachment-7899\" class=\"wp-caption-text\">Ein Baum ist in die denkmalgesch\u00fctzte Zaunanlage (Objekt 8) der GSVBw 22 Elmlohe gest\u00fcrzt und sorgte so f\u00fcr Schaden.<\/figcaption><\/figure>\n<p>&nbsp;<\/p>\n<h2>Langweilig daheim?<\/h2>\n<p>In unserer Internetpr\u00e4sentation berichten wir monatlich \u00fcber unsere Vereinsarbeit \u2013 und zwar seit unserer Vereinsgr\u00fcndung im Jahre 2007. Unter dem Punkt <a href=\"https:\/\/www.vorbei-ev.de\/wwwa\/vereinsarbeit\/\" target=\"_blank\" rel=\"noopener noreferrer\">Vereinsarbeit<\/a> in unserer <a href=\"https:\/\/www.vorbei-ev.de\/wwwa\/mediathek\/\" target=\"_blank\" rel=\"noopener noreferrer\">Mediathek<\/a> k\u00f6nnen Sie sich Monat f\u00fcr Monat einen Eindruck von unseren Vereinst\u00e4tigkeiten verschaffen.<\/p>\n<p>Die Abonnenten unseres Newsletters werden umgehend informiert, wenn wir einen neuen T\u00e4tigkeitsbericht ver\u00f6ffentlicht haben. Unseren Newsletter k\u00f6nnen Sie \u00fcber die Schaltfl\u00e4che in der Fu\u00dfzeile unseres Internetauftritts abonnieren.<\/p>\n<p>&nbsp;<\/p>\n<h2>Unser aktuelles Titelbild<\/h2>\n<p>Unser aktuelles <a href=\"https:\/\/www.vorbei-ev.de\/wwwa\/\" target=\"_blank\" rel=\"noopener noreferrer\">Titelbild auf der Startseite<\/a> zeigt den Teilbereich einer ehemaligen Luftschutzrettungsstelle in der Landeshauptstadt Hannover. Die Anlage verf\u00fcgt \u00fcber zahlreiche originale Wandbeschriftungen und \u00fcber Reste der technischen Ausstattungen. Die Anlage befindet sich in einem Kellergeschoss und wird heute als Lagerfl\u00e4che genutzt.<\/p>\n<p>&nbsp;<\/p>\n<div class=\"shariff shariff-align-left shariff-widget-align-left shariff-buttonstretch\" data-services=\"facebook\" data-url=\"https:\/\/www.vorbei-ev.de\/wwwa\/2020\/05\/10\/vereinsaktivitaeten-im-april-2020-2\/\" data-timestamp=\"1615389702\" data-backendurl=\"https:\/\/www.vorbei-ev.de\/wwwa\/wp-json\/shariff\/v1\/share_counts?\"><ul class=\"shariff-buttons theme-default orientation-horizontal buttonsize-medium\"><li class=\"shariff-button facebook shariff-nocustomcolor\" style=\"background-color:#4273c8\"><a href=\"https:\/\/www.facebook.com\/sharer\/sharer.php?u=https%3A%2F%2Fwww.vorbei-ev.de%2Fwwwa%2F2020%2F05%2F10%2Fvereinsaktivitaeten-im-april-2020-2%2F\" title=\"Bei Facebook teilen\" aria-label=\"Bei Facebook teilen\" role=\"button\" rel=\"nofollow\" class=\"shariff-link\" style=\"; background-color:#3b5998; color:#fff\" target=\"_blank\"><span class=\"shariff-icon\" style=\"\"><svg width=\"32px\" height=\"20px\" xmlns=\"http:\/\/www.w3.org\/2000\/svg\" viewBox=\"0 0 18 32\"><path fill=\"#3b5998\" d=\"M17.1 0.2v4.7h-2.8q-1.5 0-2.1 0.6t-0.5 1.9v3.4h5.2l-0.7 5.3h-4.5v13.6h-5.5v-13.6h-4.5v-5.3h4.5v-3.9q0-3.3 1.9-5.2t5-1.8q2.6 0 4.1 0.2z\"\/><\/svg><\/span><span class=\"shariff-text\">teilen<\/span>&nbsp;<\/a><\/li><li class=\"shariff-button twitter shariff-nocustomcolor\" style=\"background-color:#595959\"><a href=\"https:\/\/twitter.com\/share?url=https%3A%2F%2Fwww.vorbei-ev.de%2Fwwwa%2F2020%2F05%2F10%2Fvereinsaktivitaeten-im-april-2020-2%2F&text=Vereinsaktivit%C3%A4ten%20im%20April%202020\" title=\"Bei X teilen\" aria-label=\"Bei X teilen\" role=\"button\" rel=\"noopener nofollow\" class=\"shariff-link\" style=\"; background-color:#000; color:#fff\" target=\"_blank\"><span class=\"shariff-icon\" style=\"\"><svg width=\"32px\" height=\"20px\" xmlns=\"http:\/\/www.w3.org\/2000\/svg\" viewBox=\"0 0 24 24\"><path fill=\"#000\" d=\"M14.258 10.152L23.176 0h-2.113l-7.747 8.813L7.133 0H0l9.352 13.328L0 23.973h2.113l8.176-9.309 6.531 9.309h7.133zm-2.895 3.293l-.949-1.328L2.875 1.56h3.246l6.086 8.523.945 1.328 7.91 11.078h-3.246zm0 0\"\/><\/svg><\/span><span class=\"shariff-text\">teilen<\/span>&nbsp;<\/a><\/li><li class=\"shariff-button whatsapp shariff-nocustomcolor\" style=\"background-color:#5cbe4a\"><a href=\"https:\/\/api.whatsapp.com\/send?text=https%3A%2F%2Fwww.vorbei-ev.de%2Fwwwa%2F2020%2F05%2F10%2Fvereinsaktivitaeten-im-april-2020-2%2F%20Vereinsaktivit%C3%A4ten%20im%20April%202020\" title=\"Bei Whatsapp teilen\" aria-label=\"Bei Whatsapp teilen\" role=\"button\" rel=\"noopener nofollow\" class=\"shariff-link\" style=\"; background-color:#34af23; color:#fff\" target=\"_blank\"><span class=\"shariff-icon\" style=\"\"><svg width=\"32px\" height=\"20px\" xmlns=\"http:\/\/www.w3.org\/2000\/svg\" viewBox=\"0 0 32 32\"><path fill=\"#34af23\" d=\"M17.6 17.4q0.2 0 1.7 0.8t1.6 0.9q0 0.1 0 0.3 0 0.6-0.3 1.4-0.3 0.7-1.3 1.2t-1.8 0.5q-1 0-3.4-1.1-1.7-0.8-3-2.1t-2.6-3.3q-1.3-1.9-1.3-3.5v-0.1q0.1-1.6 1.3-2.8 0.4-0.4 0.9-0.4 0.1 0 0.3 0t0.3 0q0.3 0 0.5 0.1t0.3 0.5q0.1 0.4 0.6 1.6t0.4 1.3q0 0.4-0.6 1t-0.6 0.8q0 0.1 0.1 0.3 0.6 1.3 1.8 2.4 1 0.9 2.7 1.8 0.2 0.1 0.4 0.1 0.3 0 1-0.9t0.9-0.9zM14 26.9q2.3 0 4.3-0.9t3.6-2.4 2.4-3.6 0.9-4.3-0.9-4.3-2.4-3.6-3.6-2.4-4.3-0.9-4.3 0.9-3.6 2.4-2.4 3.6-0.9 4.3q0 3.6 2.1 6.6l-1.4 4.2 4.3-1.4q2.8 1.9 6.2 1.9zM14 2.2q2.7 0 5.2 1.1t4.3 2.9 2.9 4.3 1.1 5.2-1.1 5.2-2.9 4.3-4.3 2.9-5.2 1.1q-3.5 0-6.5-1.7l-7.4 2.4 2.4-7.2q-1.9-3.2-1.9-6.9 0-2.7 1.1-5.2t2.9-4.3 4.3-2.9 5.2-1.1z\"\/><\/svg><\/span><span class=\"shariff-text\">teilen<\/span>&nbsp;<\/a><\/li><li class=\"shariff-button telegram shariff-nocustomcolor\" style=\"background-color:#4084A6\"><a href=\"https:\/\/telegram.me\/share\/url?url=https%3A%2F%2Fwww.vorbei-ev.de%2Fwwwa%2F2020%2F05%2F10%2Fvereinsaktivitaeten-im-april-2020-2%2F&text=Vereinsaktivit%C3%A4ten%20im%20April%202020\" title=\"Bei Telegram teilen\" aria-label=\"Bei Telegram teilen\" role=\"button\" rel=\"noopener nofollow\" class=\"shariff-link\" style=\"; background-color:#0088cc; color:#fff\" target=\"_blank\"><span class=\"shariff-icon\" style=\"\"><svg width=\"32px\" height=\"20px\" xmlns=\"http:\/\/www.w3.org\/2000\/svg\" viewBox=\"0 0 32 32\"><path fill=\"#0088cc\" d=\"M30.8 6.5l-4.5 21.4c-.3 1.5-1.2 1.9-2.5 1.2L16.9 24l-3.3 3.2c-.4.4-.7.7-1.4.7l.5-7L25.5 9.2c.6-.5-.1-.8-.9-.3l-15.8 10L2 16.7c-1.5-.5-1.5-1.5.3-2.2L28.9 4.3c1.3-.5 2.3.3 1.9 2.2z\"\/><\/svg><\/span><span class=\"shariff-text\">teilen<\/span>&nbsp;<\/a><\/li><\/ul><\/div>","protected":false},"excerpt":{"rendered":"<p>Das Corona-Virus wirkt sich weiterhin auf unsere Vereinsarbeit aus Auch im April wird unsere ehrenamtliche und gemeinn\u00fctzige Vereinsarbeit von den aktuellen Ma\u00dfnahmen, die vor einer Ansteckung mit dem Corona-Virus sch\u00fctzen sollen, reglementiert. Unsere Vereinsanlagen, die GSVBw 22 Elmlohe sowie der Museumsbunker Hannover, weisen besondere \u00f6rtliche Gegebenheiten auf, die eine Umsetzung des Ma\u00dfnahmenkataloges nicht zulassen. Aus &hellip; <\/p>\n<p class=\"link-more\"><a href=\"https:\/\/www.vorbei-ev.de\/wwwa\/2020\/05\/10\/vereinsaktivitaeten-im-april-2020-2\/\" class=\"more-link\"><span class=\"screen-reader-text\">\u201eVereinsaktivit\u00e4ten im April 2020\u201c <\/span>weiterlesen<\/a><\/p>\n","protected":false},"author":2,"featured_media":7899,"comment_status":"closed","ping_status":"open","sticky":false,"template":"","format":"image","meta":{"footnotes":""},"categories":[17],"tags":[],"class_list":["post-8876","post","type-post","status-publish","format-image","has-post-thumbnail","hentry","category-17","post_format-post-format-image"],"yoast_head":"<!-- This site is optimized with the Yoast SEO plugin v27.4 - https:\/\/yoast.com\/product\/yoast-seo-wordpress\/ -->\n<title>Vereinsaktivit\u00e4ten im April 2020 - Vorbei e.V.<\/title>\n<meta name=\"description\" content=\"Im April sorgte ein umgest\u00fcrzter Baum f\u00fcr einen Schaden an der Zaunanlage. Ein Wirtschaftsweg, der hinter dem GSVBw-Gel\u00e4nde verl\u00e4uft, konnte nicht mehr befahren werden. Auch f\u00fcr Spazierg\u00e4nger stellte der Baum ein Hindernis dar. Daher wurde der Baum umgehend entfernt. Die GSVBw 22 Elmlohe ist vollst\u00e4ndig als Gruppe baulicher Anlagen (nach \u00a7 3 Abs. 3 NDSchG) in das Verzeichnis der Kulturdenkmale (Baudenkmale) aufgenommen worden. Daher steht auch die Zaunanlage (Objekt 8) unter Denkmalschutz und musste deshalb sorgf\u00e4ltig repariert werden.\" \/>\n<meta name=\"robots\" content=\"index, follow, max-snippet:-1, max-image-preview:large, max-video-preview:-1\" \/>\n<link rel=\"canonical\" href=\"https:\/\/www.vorbei-ev.de\/wwwa\/2020\/05\/10\/vereinsaktivitaeten-im-april-2020-2\/\" \/>\n<meta property=\"og:locale\" content=\"de_DE\" \/>\n<meta property=\"og:type\" content=\"article\" \/>\n<meta property=\"og:title\" content=\"Vereinsaktivit\u00e4ten im April 2020 - Vorbei e.V.\" \/>\n<meta property=\"og:description\" content=\"Im April sorgte ein umgest\u00fcrzter Baum f\u00fcr einen Schaden an der Zaunanlage. Ein Wirtschaftsweg, der hinter dem GSVBw-Gel\u00e4nde verl\u00e4uft, konnte nicht mehr befahren werden. Auch f\u00fcr Spazierg\u00e4nger stellte der Baum ein Hindernis dar. Daher wurde der Baum umgehend entfernt. Die GSVBw 22 Elmlohe ist vollst\u00e4ndig als Gruppe baulicher Anlagen (nach \u00a7 3 Abs. 3 NDSchG) in das Verzeichnis der Kulturdenkmale (Baudenkmale) aufgenommen worden. Daher steht auch die Zaunanlage (Objekt 8) unter Denkmalschutz und musste deshalb sorgf\u00e4ltig repariert werden.\" \/>\n<meta property=\"og:url\" content=\"https:\/\/www.vorbei-ev.de\/wwwa\/2020\/05\/10\/vereinsaktivitaeten-im-april-2020-2\/\" \/>\n<meta property=\"og:site_name\" content=\"Vorbei e.V.\" \/>\n<meta property=\"article:publisher\" content=\"https:\/\/www.facebook.com\/groups\/107150626035606\/\" \/>\n<meta property=\"article:published_time\" content=\"2020-05-10T11:00:08+00:00\" \/>\n<meta property=\"article:modified_time\" content=\"2021-03-10T14:21:42+00:00\" \/>\n<meta property=\"og:image\" content=\"https:\/\/www.vorbei-ev.de\/wwwa\/wp-content\/uploads\/2020\/05\/bunker-vorbei-ev_2020-04_01.jpg\" \/>\n\t<meta property=\"og:image:width\" content=\"800\" \/>\n\t<meta property=\"og:image:height\" content=\"600\" \/>\n\t<meta property=\"og:image:type\" content=\"image\/jpeg\" \/>\n<meta name=\"author\" content=\"Lars Knauer\" \/>\n<meta name=\"twitter:card\" content=\"summary_large_image\" \/>\n<meta name=\"twitter:image\" content=\"https:\/\/www.vorbei-ev.de\/wwwa\/wp-content\/uploads\/2020\/05\/bunker-vorbei-ev_2020-04_01.jpg\" \/>\n<meta name=\"twitter:label1\" content=\"Verfasst von\" \/>\n\t<meta name=\"twitter:data1\" content=\"Lars Knauer\" \/>\n\t<meta name=\"twitter:label2\" content=\"Gesch\u00e4tzte Lesezeit\" \/>\n\t<meta name=\"twitter:data2\" content=\"2\u00a0Minuten\" \/>\n<script type=\"application\/ld+json\" class=\"yoast-schema-graph\">{\"@context\":\"https:\\\/\\\/schema.org\",\"@graph\":[{\"@type\":\"Article\",\"@id\":\"https:\\\/\\\/www.vorbei-ev.de\\\/wwwa\\\/2020\\\/05\\\/10\\\/vereinsaktivitaeten-im-april-2020-2\\\/#article\",\"isPartOf\":{\"@id\":\"https:\\\/\\\/www.vorbei-ev.de\\\/wwwa\\\/2020\\\/05\\\/10\\\/vereinsaktivitaeten-im-april-2020-2\\\/\"},\"author\":{\"name\":\"Lars Knauer\",\"@id\":\"https:\\\/\\\/www.vorbei-ev.de\\\/wwwa\\\/#\\\/schema\\\/person\\\/73a85b6f1e47d7e120f5469e01829e53\"},\"headline\":\"Vereinsaktivit\u00e4ten im April 2020\",\"datePublished\":\"2020-05-10T11:00:08+00:00\",\"dateModified\":\"2021-03-10T14:21:42+00:00\",\"mainEntityOfPage\":{\"@id\":\"https:\\\/\\\/www.vorbei-ev.de\\\/wwwa\\\/2020\\\/05\\\/10\\\/vereinsaktivitaeten-im-april-2020-2\\\/\"},\"wordCount\":382,\"publisher\":{\"@id\":\"https:\\\/\\\/www.vorbei-ev.de\\\/wwwa\\\/#organization\"},\"image\":{\"@id\":\"https:\\\/\\\/www.vorbei-ev.de\\\/wwwa\\\/2020\\\/05\\\/10\\\/vereinsaktivitaeten-im-april-2020-2\\\/#primaryimage\"},\"thumbnailUrl\":\"https:\\\/\\\/www.vorbei-ev.de\\\/wwwa\\\/wp-content\\\/uploads\\\/2020\\\/05\\\/bunker-vorbei-ev_2020-04_01.jpg\",\"articleSection\":[\"2020\"],\"inLanguage\":\"de\"},{\"@type\":\"WebPage\",\"@id\":\"https:\\\/\\\/www.vorbei-ev.de\\\/wwwa\\\/2020\\\/05\\\/10\\\/vereinsaktivitaeten-im-april-2020-2\\\/\",\"url\":\"https:\\\/\\\/www.vorbei-ev.de\\\/wwwa\\\/2020\\\/05\\\/10\\\/vereinsaktivitaeten-im-april-2020-2\\\/\",\"name\":\"Vereinsaktivit\u00e4ten im April 2020 - Vorbei e.V.\",\"isPartOf\":{\"@id\":\"https:\\\/\\\/www.vorbei-ev.de\\\/wwwa\\\/#website\"},\"primaryImageOfPage\":{\"@id\":\"https:\\\/\\\/www.vorbei-ev.de\\\/wwwa\\\/2020\\\/05\\\/10\\\/vereinsaktivitaeten-im-april-2020-2\\\/#primaryimage\"},\"image\":{\"@id\":\"https:\\\/\\\/www.vorbei-ev.de\\\/wwwa\\\/2020\\\/05\\\/10\\\/vereinsaktivitaeten-im-april-2020-2\\\/#primaryimage\"},\"thumbnailUrl\":\"https:\\\/\\\/www.vorbei-ev.de\\\/wwwa\\\/wp-content\\\/uploads\\\/2020\\\/05\\\/bunker-vorbei-ev_2020-04_01.jpg\",\"datePublished\":\"2020-05-10T11:00:08+00:00\",\"dateModified\":\"2021-03-10T14:21:42+00:00\",\"description\":\"Im April sorgte ein umgest\u00fcrzter Baum f\u00fcr einen Schaden an der Zaunanlage. Ein Wirtschaftsweg, der hinter dem GSVBw-Gel\u00e4nde verl\u00e4uft, konnte nicht mehr befahren werden. Auch f\u00fcr Spazierg\u00e4nger stellte der Baum ein Hindernis dar. Daher wurde der Baum umgehend entfernt. Die GSVBw 22 Elmlohe ist vollst\u00e4ndig als Gruppe baulicher Anlagen (nach \u00a7 3 Abs. 3 NDSchG) in das Verzeichnis der Kulturdenkmale (Baudenkmale) aufgenommen worden. Daher steht auch die Zaunanlage (Objekt 8) unter Denkmalschutz und musste deshalb sorgf\u00e4ltig repariert werden.\",\"breadcrumb\":{\"@id\":\"https:\\\/\\\/www.vorbei-ev.de\\\/wwwa\\\/2020\\\/05\\\/10\\\/vereinsaktivitaeten-im-april-2020-2\\\/#breadcrumb\"},\"inLanguage\":\"de\",\"potentialAction\":[{\"@type\":\"ReadAction\",\"target\":[\"https:\\\/\\\/www.vorbei-ev.de\\\/wwwa\\\/2020\\\/05\\\/10\\\/vereinsaktivitaeten-im-april-2020-2\\\/\"]}]},{\"@type\":\"ImageObject\",\"inLanguage\":\"de\",\"@id\":\"https:\\\/\\\/www.vorbei-ev.de\\\/wwwa\\\/2020\\\/05\\\/10\\\/vereinsaktivitaeten-im-april-2020-2\\\/#primaryimage\",\"url\":\"https:\\\/\\\/www.vorbei-ev.de\\\/wwwa\\\/wp-content\\\/uploads\\\/2020\\\/05\\\/bunker-vorbei-ev_2020-04_01.jpg\",\"contentUrl\":\"https:\\\/\\\/www.vorbei-ev.de\\\/wwwa\\\/wp-content\\\/uploads\\\/2020\\\/05\\\/bunker-vorbei-ev_2020-04_01.jpg\",\"width\":800,\"height\":600,\"caption\":\"Ein Baum ist in die denkmalgesch\u00fctzte Zaunanlage (Objekt 8) der GSVBw 22 Elmlohe gest\u00fcrzt und sorgte so f\u00fcr Schaden.\"},{\"@type\":\"BreadcrumbList\",\"@id\":\"https:\\\/\\\/www.vorbei-ev.de\\\/wwwa\\\/2020\\\/05\\\/10\\\/vereinsaktivitaeten-im-april-2020-2\\\/#breadcrumb\",\"itemListElement\":[{\"@type\":\"ListItem\",\"position\":1,\"name\":\"Startseite\",\"item\":\"https:\\\/\\\/www.vorbei-ev.de\\\/wwwa\\\/\"},{\"@type\":\"ListItem\",\"position\":2,\"name\":\"Vereinsaktivit\u00e4ten im April 2020\"}]},{\"@type\":\"WebSite\",\"@id\":\"https:\\\/\\\/www.vorbei-ev.de\\\/wwwa\\\/#website\",\"url\":\"https:\\\/\\\/www.vorbei-ev.de\\\/wwwa\\\/\",\"name\":\"Vorbei e.V.\",\"description\":\"Dokumentation und Erhalt zeitgeschichtlicher Bauwerke\",\"publisher\":{\"@id\":\"https:\\\/\\\/www.vorbei-ev.de\\\/wwwa\\\/#organization\"},\"potentialAction\":[{\"@type\":\"SearchAction\",\"target\":{\"@type\":\"EntryPoint\",\"urlTemplate\":\"https:\\\/\\\/www.vorbei-ev.de\\\/wwwa\\\/?s={search_term_string}\"},\"query-input\":{\"@type\":\"PropertyValueSpecification\",\"valueRequired\":true,\"valueName\":\"search_term_string\"}}],\"inLanguage\":\"de\"},{\"@type\":\"Organization\",\"@id\":\"https:\\\/\\\/www.vorbei-ev.de\\\/wwwa\\\/#organization\",\"name\":\"Vorbei e.V.\",\"url\":\"https:\\\/\\\/www.vorbei-ev.de\\\/wwwa\\\/\",\"logo\":{\"@type\":\"ImageObject\",\"inLanguage\":\"de\",\"@id\":\"https:\\\/\\\/www.vorbei-ev.de\\\/wwwa\\\/#\\\/schema\\\/logo\\\/image\\\/\",\"url\":\"https:\\\/\\\/www.vorbei-ev.de\\\/wwwa\\\/wp-content\\\/uploads\\\/2017\\\/04\\\/Logo_schwarz_640px.png\",\"contentUrl\":\"https:\\\/\\\/www.vorbei-ev.de\\\/wwwa\\\/wp-content\\\/uploads\\\/2017\\\/04\\\/Logo_schwarz_640px.png\",\"width\":640,\"height\":120,\"caption\":\"Vorbei e.V.\"},\"image\":{\"@id\":\"https:\\\/\\\/www.vorbei-ev.de\\\/wwwa\\\/#\\\/schema\\\/logo\\\/image\\\/\"},\"sameAs\":[\"https:\\\/\\\/www.facebook.com\\\/groups\\\/107150626035606\\\/\"]},{\"@type\":\"Person\",\"@id\":\"https:\\\/\\\/www.vorbei-ev.de\\\/wwwa\\\/#\\\/schema\\\/person\\\/73a85b6f1e47d7e120f5469e01829e53\",\"name\":\"Lars Knauer\",\"image\":{\"@type\":\"ImageObject\",\"inLanguage\":\"de\",\"@id\":\"https:\\\/\\\/secure.gravatar.com\\\/avatar\\\/c136720ef8906c1f38a1bab0adc43160b1ccd6793f5abe75d6ea003e09b6c569?s=96&d=mm&r=g\",\"url\":\"https:\\\/\\\/secure.gravatar.com\\\/avatar\\\/c136720ef8906c1f38a1bab0adc43160b1ccd6793f5abe75d6ea003e09b6c569?s=96&d=mm&r=g\",\"contentUrl\":\"https:\\\/\\\/secure.gravatar.com\\\/avatar\\\/c136720ef8906c1f38a1bab0adc43160b1ccd6793f5abe75d6ea003e09b6c569?s=96&d=mm&r=g\",\"caption\":\"Lars Knauer\"},\"url\":\"https:\\\/\\\/www.vorbei-ev.de\\\/wwwa\\\/author\\\/lars\\\/\"}]}<\/script>\n<!-- \/ Yoast SEO plugin. -->","yoast_head_json":{"title":"Vereinsaktivit\u00e4ten im April 2020 - Vorbei e.V.","description":"Im April sorgte ein umgest\u00fcrzter Baum f\u00fcr einen Schaden an der Zaunanlage. Ein Wirtschaftsweg, der hinter dem GSVBw-Gel\u00e4nde verl\u00e4uft, konnte nicht mehr befahren werden. Auch f\u00fcr Spazierg\u00e4nger stellte der Baum ein Hindernis dar. Daher wurde der Baum umgehend entfernt. Die GSVBw 22 Elmlohe ist vollst\u00e4ndig als Gruppe baulicher Anlagen (nach \u00a7 3 Abs. 3 NDSchG) in das Verzeichnis der Kulturdenkmale (Baudenkmale) aufgenommen worden. Daher steht auch die Zaunanlage (Objekt 8) unter Denkmalschutz und musste deshalb sorgf\u00e4ltig repariert werden.","robots":{"index":"index","follow":"follow","max-snippet":"max-snippet:-1","max-image-preview":"max-image-preview:large","max-video-preview":"max-video-preview:-1"},"canonical":"https:\/\/www.vorbei-ev.de\/wwwa\/2020\/05\/10\/vereinsaktivitaeten-im-april-2020-2\/","og_locale":"de_DE","og_type":"article","og_title":"Vereinsaktivit\u00e4ten im April 2020 - Vorbei e.V.","og_description":"Im April sorgte ein umgest\u00fcrzter Baum f\u00fcr einen Schaden an der Zaunanlage. Ein Wirtschaftsweg, der hinter dem GSVBw-Gel\u00e4nde verl\u00e4uft, konnte nicht mehr befahren werden. Auch f\u00fcr Spazierg\u00e4nger stellte der Baum ein Hindernis dar. Daher wurde der Baum umgehend entfernt. Die GSVBw 22 Elmlohe ist vollst\u00e4ndig als Gruppe baulicher Anlagen (nach \u00a7 3 Abs. 3 NDSchG) in das Verzeichnis der Kulturdenkmale (Baudenkmale) aufgenommen worden. Daher steht auch die Zaunanlage (Objekt 8) unter Denkmalschutz und musste deshalb sorgf\u00e4ltig repariert werden.","og_url":"https:\/\/www.vorbei-ev.de\/wwwa\/2020\/05\/10\/vereinsaktivitaeten-im-april-2020-2\/","og_site_name":"Vorbei e.V.","article_publisher":"https:\/\/www.facebook.com\/groups\/107150626035606\/","article_published_time":"2020-05-10T11:00:08+00:00","article_modified_time":"2021-03-10T14:21:42+00:00","og_image":[{"width":800,"height":600,"url":"https:\/\/www.vorbei-ev.de\/wwwa\/wp-content\/uploads\/2020\/05\/bunker-vorbei-ev_2020-04_01.jpg","type":"image\/jpeg"}],"author":"Lars Knauer","twitter_card":"summary_large_image","twitter_image":"https:\/\/www.vorbei-ev.de\/wwwa\/wp-content\/uploads\/2020\/05\/bunker-vorbei-ev_2020-04_01.jpg","twitter_misc":{"Verfasst von":"Lars Knauer","Gesch\u00e4tzte Lesezeit":"2\u00a0Minuten"},"schema":{"@context":"https:\/\/schema.org","@graph":[{"@type":"Article","@id":"https:\/\/www.vorbei-ev.de\/wwwa\/2020\/05\/10\/vereinsaktivitaeten-im-april-2020-2\/#article","isPartOf":{"@id":"https:\/\/www.vorbei-ev.de\/wwwa\/2020\/05\/10\/vereinsaktivitaeten-im-april-2020-2\/"},"author":{"name":"Lars Knauer","@id":"https:\/\/www.vorbei-ev.de\/wwwa\/#\/schema\/person\/73a85b6f1e47d7e120f5469e01829e53"},"headline":"Vereinsaktivit\u00e4ten im April 2020","datePublished":"2020-05-10T11:00:08+00:00","dateModified":"2021-03-10T14:21:42+00:00","mainEntityOfPage":{"@id":"https:\/\/www.vorbei-ev.de\/wwwa\/2020\/05\/10\/vereinsaktivitaeten-im-april-2020-2\/"},"wordCount":382,"publisher":{"@id":"https:\/\/www.vorbei-ev.de\/wwwa\/#organization"},"image":{"@id":"https:\/\/www.vorbei-ev.de\/wwwa\/2020\/05\/10\/vereinsaktivitaeten-im-april-2020-2\/#primaryimage"},"thumbnailUrl":"https:\/\/www.vorbei-ev.de\/wwwa\/wp-content\/uploads\/2020\/05\/bunker-vorbei-ev_2020-04_01.jpg","articleSection":["2020"],"inLanguage":"de"},{"@type":"WebPage","@id":"https:\/\/www.vorbei-ev.de\/wwwa\/2020\/05\/10\/vereinsaktivitaeten-im-april-2020-2\/","url":"https:\/\/www.vorbei-ev.de\/wwwa\/2020\/05\/10\/vereinsaktivitaeten-im-april-2020-2\/","name":"Vereinsaktivit\u00e4ten im April 2020 - Vorbei e.V.","isPartOf":{"@id":"https:\/\/www.vorbei-ev.de\/wwwa\/#website"},"primaryImageOfPage":{"@id":"https:\/\/www.vorbei-ev.de\/wwwa\/2020\/05\/10\/vereinsaktivitaeten-im-april-2020-2\/#primaryimage"},"image":{"@id":"https:\/\/www.vorbei-ev.de\/wwwa\/2020\/05\/10\/vereinsaktivitaeten-im-april-2020-2\/#primaryimage"},"thumbnailUrl":"https:\/\/www.vorbei-ev.de\/wwwa\/wp-content\/uploads\/2020\/05\/bunker-vorbei-ev_2020-04_01.jpg","datePublished":"2020-05-10T11:00:08+00:00","dateModified":"2021-03-10T14:21:42+00:00","description":"Im April sorgte ein umgest\u00fcrzter Baum f\u00fcr einen Schaden an der Zaunanlage. Ein Wirtschaftsweg, der hinter dem GSVBw-Gel\u00e4nde verl\u00e4uft, konnte nicht mehr befahren werden. Auch f\u00fcr Spazierg\u00e4nger stellte der Baum ein Hindernis dar. Daher wurde der Baum umgehend entfernt. Die GSVBw 22 Elmlohe ist vollst\u00e4ndig als Gruppe baulicher Anlagen (nach \u00a7 3 Abs. 3 NDSchG) in das Verzeichnis der Kulturdenkmale (Baudenkmale) aufgenommen worden. Daher steht auch die Zaunanlage (Objekt 8) unter Denkmalschutz und musste deshalb sorgf\u00e4ltig repariert werden.","breadcrumb":{"@id":"https:\/\/www.vorbei-ev.de\/wwwa\/2020\/05\/10\/vereinsaktivitaeten-im-april-2020-2\/#breadcrumb"},"inLanguage":"de","potentialAction":[{"@type":"ReadAction","target":["https:\/\/www.vorbei-ev.de\/wwwa\/2020\/05\/10\/vereinsaktivitaeten-im-april-2020-2\/"]}]},{"@type":"ImageObject","inLanguage":"de","@id":"https:\/\/www.vorbei-ev.de\/wwwa\/2020\/05\/10\/vereinsaktivitaeten-im-april-2020-2\/#primaryimage","url":"https:\/\/www.vorbei-ev.de\/wwwa\/wp-content\/uploads\/2020\/05\/bunker-vorbei-ev_2020-04_01.jpg","contentUrl":"https:\/\/www.vorbei-ev.de\/wwwa\/wp-content\/uploads\/2020\/05\/bunker-vorbei-ev_2020-04_01.jpg","width":800,"height":600,"caption":"Ein Baum ist in die denkmalgesch\u00fctzte Zaunanlage (Objekt 8) der GSVBw 22 Elmlohe gest\u00fcrzt und sorgte so f\u00fcr Schaden."},{"@type":"BreadcrumbList","@id":"https:\/\/www.vorbei-ev.de\/wwwa\/2020\/05\/10\/vereinsaktivitaeten-im-april-2020-2\/#breadcrumb","itemListElement":[{"@type":"ListItem","position":1,"name":"Startseite","item":"https:\/\/www.vorbei-ev.de\/wwwa\/"},{"@type":"ListItem","position":2,"name":"Vereinsaktivit\u00e4ten im April 2020"}]},{"@type":"WebSite","@id":"https:\/\/www.vorbei-ev.de\/wwwa\/#website","url":"https:\/\/www.vorbei-ev.de\/wwwa\/","name":"Vorbei e.V.","description":"Dokumentation und Erhalt zeitgeschichtlicher Bauwerke","publisher":{"@id":"https:\/\/www.vorbei-ev.de\/wwwa\/#organization"},"potentialAction":[{"@type":"SearchAction","target":{"@type":"EntryPoint","urlTemplate":"https:\/\/www.vorbei-ev.de\/wwwa\/?s={search_term_string}"},"query-input":{"@type":"PropertyValueSpecification","valueRequired":true,"valueName":"search_term_string"}}],"inLanguage":"de"},{"@type":"Organization","@id":"https:\/\/www.vorbei-ev.de\/wwwa\/#organization","name":"Vorbei e.V.","url":"https:\/\/www.vorbei-ev.de\/wwwa\/","logo":{"@type":"ImageObject","inLanguage":"de","@id":"https:\/\/www.vorbei-ev.de\/wwwa\/#\/schema\/logo\/image\/","url":"https:\/\/www.vorbei-ev.de\/wwwa\/wp-content\/uploads\/2017\/04\/Logo_schwarz_640px.png","contentUrl":"https:\/\/www.vorbei-ev.de\/wwwa\/wp-content\/uploads\/2017\/04\/Logo_schwarz_640px.png","width":640,"height":120,"caption":"Vorbei e.V."},"image":{"@id":"https:\/\/www.vorbei-ev.de\/wwwa\/#\/schema\/logo\/image\/"},"sameAs":["https:\/\/www.facebook.com\/groups\/107150626035606\/"]},{"@type":"Person","@id":"https:\/\/www.vorbei-ev.de\/wwwa\/#\/schema\/person\/73a85b6f1e47d7e120f5469e01829e53","name":"Lars Knauer","image":{"@type":"ImageObject","inLanguage":"de","@id":"https:\/\/secure.gravatar.com\/avatar\/c136720ef8906c1f38a1bab0adc43160b1ccd6793f5abe75d6ea003e09b6c569?s=96&d=mm&r=g","url":"https:\/\/secure.gravatar.com\/avatar\/c136720ef8906c1f38a1bab0adc43160b1ccd6793f5abe75d6ea003e09b6c569?s=96&d=mm&r=g","contentUrl":"https:\/\/secure.gravatar.com\/avatar\/c136720ef8906c1f38a1bab0adc43160b1ccd6793f5abe75d6ea003e09b6c569?s=96&d=mm&r=g","caption":"Lars Knauer"},"url":"https:\/\/www.vorbei-ev.de\/wwwa\/author\/lars\/"}]}},"_links":{"self":[{"href":"https:\/\/www.vorbei-ev.de\/wwwa\/wp-json\/wp\/v2\/posts\/8876","targetHints":{"allow":["GET"]}}],"collection":[{"href":"https:\/\/www.vorbei-ev.de\/wwwa\/wp-json\/wp\/v2\/posts"}],"about":[{"href":"https:\/\/www.vorbei-ev.de\/wwwa\/wp-json\/wp\/v2\/types\/post"}],"author":[{"embeddable":true,"href":"https:\/\/www.vorbei-ev.de\/wwwa\/wp-json\/wp\/v2\/users\/2"}],"replies":[{"embeddable":true,"href":"https:\/\/www.vorbei-ev.de\/wwwa\/wp-json\/wp\/v2\/comments?post=8876"}],"version-history":[{"count":2,"href":"https:\/\/www.vorbei-ev.de\/wwwa\/wp-json\/wp\/v2\/posts\/8876\/revisions"}],"predecessor-version":[{"id":8878,"href":"https:\/\/www.vorbei-ev.de\/wwwa\/wp-json\/wp\/v2\/posts\/8876\/revisions\/8878"}],"wp:featuredmedia":[{"embeddable":true,"href":"https:\/\/www.vorbei-ev.de\/wwwa\/wp-json\/wp\/v2\/media\/7899"}],"wp:attachment":[{"href":"https:\/\/www.vorbei-ev.de\/wwwa\/wp-json\/wp\/v2\/media?parent=8876"}],"wp:term":[{"taxonomy":"category","embeddable":true,"href":"https:\/\/www.vorbei-ev.de\/wwwa\/wp-json\/wp\/v2\/categories?post=8876"},{"taxonomy":"post_tag","embeddable":true,"href":"https:\/\/www.vorbei-ev.de\/wwwa\/wp-json\/wp\/v2\/tags?post=8876"}],"curies":[{"name":"wp","href":"https:\/\/api.w.org\/{rel}","templated":true}]}}