{"id":8852,"date":"2019-10-10T14:00:35","date_gmt":"2019-10-10T12:00:35","guid":{"rendered":"http:\/\/www.vorbei-ev.de\/wwwa\/?p=8852"},"modified":"2021-03-10T13:01:33","modified_gmt":"2021-03-10T12:01:33","slug":"vereinsaktivitaeten-im-september-2019-2","status":"publish","type":"post","link":"https:\/\/www.vorbei-ev.de\/wwwa\/2019\/10\/10\/vereinsaktivitaeten-im-september-2019-2\/","title":{"rendered":"Vereinsaktivit\u00e4ten im September 2019"},"content":{"rendered":"<h2>Vereinsaktivit\u00e4ten im September 2019<\/h2>\n<p>Bedingt durch die Urlaubszeit erscheint unser T\u00e4tigkeitsbericht diesmal mit etwas Versp\u00e4tung. Aber auch im September ist bei uns im Vorbei e.V. wieder einiges im Bunker passiert, \u00fcber das wir an dieser Stelle berichten m\u00f6chten.<\/p>\n<h2>Museumsbunker Hannover: Unsere Starterbatterie ist defekt!<\/h2>\n<p>Schon h\u00e4ufiger haben wir \u00fcber unsere regelm\u00e4\u00dfigen Wartungsarbeiten an den Starterbatterien f\u00fcr den Dieselmaschinensatz berichtet. Nun mussten wir leider feststellen, dass unsere Batterien ihre Lebensdauer erreicht haben und nicht weiter eingesetzt werden k\u00f6nnen. Die Betriebsspannung wird nicht mehr erreicht und der Ladevorgang kommt nicht zum Abschluss.<\/p>\n<p>Die zurzeit eingesetzten Batterien stammen aus einer Materialspende aus dem Landkreis Cuxhaven. Der Batteriehersteller Hoppecke gibt f\u00fcr diesen Batterietyp eine Lebensdauer von 15 Jahren an. Unsere Batterien haben diesen Zeitraum bereits um 9 Jahre \u00fcberschritten. Nach Auskunft des Herstellers besteht keine M\u00f6glichkeit, diese Batterien zu regenerieren.<\/p>\n<p>Urspr\u00fcnglich bestand die 24V-Starterbatterie aus 20 alkalischen Nickel-Cadmium-Zellen mit einer Zellenspannung von 1,2 Volt und einer Kapazit\u00e4t von 252 Ah. Nun sind wir auf der Suche nach einer vergleichbaren Starterbatterie. Wir legen sehr gro\u00dfen Wert auf eine originalgetreue Rekonstruktion und m\u00f6chten die Starterbatterie nach M\u00f6glichkeit so aufbauen, dass sie dem Originalzustand entspricht bzw. m\u00f6glichst nah kommt. Falls Sie unser gemeinn\u00fctziges und auf Landesebene einmaliges Projekt sowie unsere ehrenamtliche Vereinsarbeit unterst\u00fctzen m\u00f6chte, w\u00fcrden wir uns sehr freuen!<\/p>\n<figure id=\"attachment_7657\" aria-describedby=\"caption-attachment-7657\" style=\"width: 800px\" class=\"wp-caption aligncenter\"><img loading=\"lazy\" decoding=\"async\" class=\"wp-image-7657 size-full\" src=\"https:\/\/www.vorbei-ev.de\/wwwa\/wp-content\/uploads\/2019\/10\/bunker-hannover_image_2019-09_02.jpg\" alt=\"Das Foto zeigt die Starterbatterien f\u00fcr einen der Dieselmaschinens\u00e4tze im Bunker. Die Batterien sind in einem Batterietisch verbaut.\" width=\"800\" height=\"533\" srcset=\"https:\/\/www.vorbei-ev.de\/wwwa\/wp-content\/uploads\/2019\/10\/bunker-hannover_image_2019-09_02.jpg 800w, https:\/\/www.vorbei-ev.de\/wwwa\/wp-content\/uploads\/2019\/10\/bunker-hannover_image_2019-09_02-400x267.jpg 400w, https:\/\/www.vorbei-ev.de\/wwwa\/wp-content\/uploads\/2019\/10\/bunker-hannover_image_2019-09_02-768x512.jpg 768w\" sizes=\"auto, (max-width: 706px) 89vw, (max-width: 767px) 82vw, 740px\" \/><figcaption id=\"caption-attachment-7657\" class=\"wp-caption-text\">Die Starterbatterien f\u00fcr den Dieselmaschinensatz im Bunker sind in einem Batterietisch verbaut.<\/figcaption><\/figure>\n<figure id=\"attachment_7658\" aria-describedby=\"caption-attachment-7658\" style=\"width: 800px\" class=\"wp-caption aligncenter\"><img loading=\"lazy\" decoding=\"async\" class=\"wp-image-7658 size-full\" src=\"https:\/\/www.vorbei-ev.de\/wwwa\/wp-content\/uploads\/2019\/10\/bunker-hannover_image_2019-09_03.jpg\" alt=\"Auf dem Foto wird der Batterietisch im Bunker mit aufgesetzter Abdeckplatte dargestellt.\" width=\"800\" height=\"533\" srcset=\"https:\/\/www.vorbei-ev.de\/wwwa\/wp-content\/uploads\/2019\/10\/bunker-hannover_image_2019-09_03.jpg 800w, https:\/\/www.vorbei-ev.de\/wwwa\/wp-content\/uploads\/2019\/10\/bunker-hannover_image_2019-09_03-400x267.jpg 400w, https:\/\/www.vorbei-ev.de\/wwwa\/wp-content\/uploads\/2019\/10\/bunker-hannover_image_2019-09_03-768x512.jpg 768w\" sizes=\"auto, (max-width: 706px) 89vw, (max-width: 767px) 82vw, 740px\" \/><figcaption id=\"caption-attachment-7658\" class=\"wp-caption-text\">Batterietisch mit aufgesetzter Abdeckplatte.<\/figcaption><\/figure>\n<figure id=\"attachment_7656\" aria-describedby=\"caption-attachment-7656\" style=\"width: 600px\" class=\"wp-caption aligncenter\"><img loading=\"lazy\" decoding=\"async\" class=\"wp-image-7656 size-full\" src=\"https:\/\/www.vorbei-ev.de\/wwwa\/wp-content\/uploads\/2019\/10\/bunker-hannover_image_2019-09_01.jpg\" alt=\"Die Detailaufnahme zeigt die Messger\u00e4te des Batterieladeger\u00e4tes im Bunker. Der Ladestrom liegt bei 15A und die Batteriespannung betr\u00e4gt 18,5 V.\" width=\"600\" height=\"800\" srcset=\"https:\/\/www.vorbei-ev.de\/wwwa\/wp-content\/uploads\/2019\/10\/bunker-hannover_image_2019-09_01.jpg 600w, https:\/\/www.vorbei-ev.de\/wwwa\/wp-content\/uploads\/2019\/10\/bunker-hannover_image_2019-09_01-300x400.jpg 300w\" sizes=\"auto, (max-width: 600px) 100vw, 600px\" \/><figcaption id=\"caption-attachment-7656\" class=\"wp-caption-text\">Selbst nach einem l\u00e4ngeren Ladevorgang steigt die Batteriespannung nicht weiter an &#8211; bei konstantem Ladestrom.<\/figcaption><\/figure>\n<h2>Museumsbunker Hannover: Die Bundeswehr zu Gast im Bunker<\/h2>\n<p>Im September durften wir unter anderem zwei besondere Besuchergruppen im Museumsbunker Hannover begr\u00fc\u00dfen. So reiste eine Abordnung des Sanit\u00e4tsunterst\u00fctzungszentrums M\u00fcnchen aus Kaufbeuren an, um im Rahmen einer Fortbildung an einer Besichtigung des Museumsbunkers Hannover teilzunehmen. Weiterhin besuchte uns das Bundeswehr-Dienstleistungszentrum Wunstorf im Zuge eines Betriebsausfluges.<\/p>\n<p>&nbsp;<\/p>\n<h2>Unser aktuelles Titelbild<\/h2>\n<p>Unser aktuelles <a href=\"https:\/\/www.vorbei-ev.de\/wwwa\/\" target=\"_blank\" rel=\"noopener noreferrer\">Titelbild auf der Startseite<\/a> zeigt eine Schutzraumt\u00fcr im Untergeschoss der Tiefgarage Opernhaus in Hannover. Das unterste Parkdeck wurde als sogenannte Mehrzweckanlage (MZA) ausgef\u00fchrt. In zahlreichen Nebenr\u00e4umen befanden sich Sanit\u00e4ranlagen, Lagerbereiche, K\u00fcchenbereich, Notstromversorgung, Brunnenstube, Bel\u00fcftungs- und Filteranlagen. Im Belegungsfall h\u00e4tte man im Parkbereich Schutzraumliegen und \u2013Sitzb\u00e4nke aufgestellt. Diese Anlage bot 1.900 Schutzpl\u00e4tze f\u00fcr eine 14-t\u00e4gige Aufenthaltsdauer und ist mittlerweile vollst\u00e4ndig ger\u00e4umt.<\/p>\n<div class=\"shariff shariff-align-left shariff-widget-align-left shariff-buttonstretch\" data-services=\"facebook\" data-url=\"https:\/\/www.vorbei-ev.de\/wwwa\/2019\/10\/10\/vereinsaktivitaeten-im-september-2019-2\/\" data-timestamp=\"1615381293\" data-backendurl=\"https:\/\/www.vorbei-ev.de\/wwwa\/wp-json\/shariff\/v1\/share_counts?\"><ul class=\"shariff-buttons theme-default orientation-horizontal buttonsize-medium\"><li class=\"shariff-button facebook shariff-nocustomcolor\" style=\"background-color:#4273c8\"><a href=\"https:\/\/www.facebook.com\/sharer\/sharer.php?u=https%3A%2F%2Fwww.vorbei-ev.de%2Fwwwa%2F2019%2F10%2F10%2Fvereinsaktivitaeten-im-september-2019-2%2F\" title=\"Bei Facebook teilen\" aria-label=\"Bei Facebook teilen\" role=\"button\" rel=\"nofollow\" class=\"shariff-link\" style=\"; background-color:#3b5998; color:#fff\" target=\"_blank\"><span class=\"shariff-icon\" style=\"\"><svg width=\"32px\" height=\"20px\" xmlns=\"http:\/\/www.w3.org\/2000\/svg\" viewBox=\"0 0 18 32\"><path fill=\"#3b5998\" d=\"M17.1 0.2v4.7h-2.8q-1.5 0-2.1 0.6t-0.5 1.9v3.4h5.2l-0.7 5.3h-4.5v13.6h-5.5v-13.6h-4.5v-5.3h4.5v-3.9q0-3.3 1.9-5.2t5-1.8q2.6 0 4.1 0.2z\"\/><\/svg><\/span><span class=\"shariff-text\">teilen<\/span>&nbsp;<\/a><\/li><li class=\"shariff-button twitter shariff-nocustomcolor\" style=\"background-color:#595959\"><a href=\"https:\/\/twitter.com\/share?url=https%3A%2F%2Fwww.vorbei-ev.de%2Fwwwa%2F2019%2F10%2F10%2Fvereinsaktivitaeten-im-september-2019-2%2F&text=Vereinsaktivit%C3%A4ten%20im%20September%202019\" title=\"Bei X teilen\" aria-label=\"Bei X teilen\" role=\"button\" rel=\"noopener nofollow\" class=\"shariff-link\" style=\"; background-color:#000; color:#fff\" target=\"_blank\"><span class=\"shariff-icon\" style=\"\"><svg width=\"32px\" height=\"20px\" xmlns=\"http:\/\/www.w3.org\/2000\/svg\" viewBox=\"0 0 24 24\"><path fill=\"#000\" d=\"M14.258 10.152L23.176 0h-2.113l-7.747 8.813L7.133 0H0l9.352 13.328L0 23.973h2.113l8.176-9.309 6.531 9.309h7.133zm-2.895 3.293l-.949-1.328L2.875 1.56h3.246l6.086 8.523.945 1.328 7.91 11.078h-3.246zm0 0\"\/><\/svg><\/span><span class=\"shariff-text\">teilen<\/span>&nbsp;<\/a><\/li><li class=\"shariff-button whatsapp shariff-nocustomcolor\" style=\"background-color:#5cbe4a\"><a href=\"https:\/\/api.whatsapp.com\/send?text=https%3A%2F%2Fwww.vorbei-ev.de%2Fwwwa%2F2019%2F10%2F10%2Fvereinsaktivitaeten-im-september-2019-2%2F%20Vereinsaktivit%C3%A4ten%20im%20September%202019\" title=\"Bei Whatsapp teilen\" aria-label=\"Bei Whatsapp teilen\" role=\"button\" rel=\"noopener nofollow\" class=\"shariff-link\" style=\"; background-color:#34af23; color:#fff\" target=\"_blank\"><span class=\"shariff-icon\" style=\"\"><svg width=\"32px\" height=\"20px\" xmlns=\"http:\/\/www.w3.org\/2000\/svg\" viewBox=\"0 0 32 32\"><path fill=\"#34af23\" d=\"M17.6 17.4q0.2 0 1.7 0.8t1.6 0.9q0 0.1 0 0.3 0 0.6-0.3 1.4-0.3 0.7-1.3 1.2t-1.8 0.5q-1 0-3.4-1.1-1.7-0.8-3-2.1t-2.6-3.3q-1.3-1.9-1.3-3.5v-0.1q0.1-1.6 1.3-2.8 0.4-0.4 0.9-0.4 0.1 0 0.3 0t0.3 0q0.3 0 0.5 0.1t0.3 0.5q0.1 0.4 0.6 1.6t0.4 1.3q0 0.4-0.6 1t-0.6 0.8q0 0.1 0.1 0.3 0.6 1.3 1.8 2.4 1 0.9 2.7 1.8 0.2 0.1 0.4 0.1 0.3 0 1-0.9t0.9-0.9zM14 26.9q2.3 0 4.3-0.9t3.6-2.4 2.4-3.6 0.9-4.3-0.9-4.3-2.4-3.6-3.6-2.4-4.3-0.9-4.3 0.9-3.6 2.4-2.4 3.6-0.9 4.3q0 3.6 2.1 6.6l-1.4 4.2 4.3-1.4q2.8 1.9 6.2 1.9zM14 2.2q2.7 0 5.2 1.1t4.3 2.9 2.9 4.3 1.1 5.2-1.1 5.2-2.9 4.3-4.3 2.9-5.2 1.1q-3.5 0-6.5-1.7l-7.4 2.4 2.4-7.2q-1.9-3.2-1.9-6.9 0-2.7 1.1-5.2t2.9-4.3 4.3-2.9 5.2-1.1z\"\/><\/svg><\/span><span class=\"shariff-text\">teilen<\/span>&nbsp;<\/a><\/li><li class=\"shariff-button telegram shariff-nocustomcolor\" style=\"background-color:#4084A6\"><a href=\"https:\/\/telegram.me\/share\/url?url=https%3A%2F%2Fwww.vorbei-ev.de%2Fwwwa%2F2019%2F10%2F10%2Fvereinsaktivitaeten-im-september-2019-2%2F&text=Vereinsaktivit%C3%A4ten%20im%20September%202019\" title=\"Bei Telegram teilen\" aria-label=\"Bei Telegram teilen\" role=\"button\" rel=\"noopener nofollow\" class=\"shariff-link\" style=\"; background-color:#0088cc; color:#fff\" target=\"_blank\"><span class=\"shariff-icon\" style=\"\"><svg width=\"32px\" height=\"20px\" xmlns=\"http:\/\/www.w3.org\/2000\/svg\" viewBox=\"0 0 32 32\"><path fill=\"#0088cc\" d=\"M30.8 6.5l-4.5 21.4c-.3 1.5-1.2 1.9-2.5 1.2L16.9 24l-3.3 3.2c-.4.4-.7.7-1.4.7l.5-7L25.5 9.2c.6-.5-.1-.8-.9-.3l-15.8 10L2 16.7c-1.5-.5-1.5-1.5.3-2.2L28.9 4.3c1.3-.5 2.3.3 1.9 2.2z\"\/><\/svg><\/span><span class=\"shariff-text\">teilen<\/span>&nbsp;<\/a><\/li><\/ul><\/div>","protected":false},"excerpt":{"rendered":"<p>Vereinsaktivit\u00e4ten im September 2019 Bedingt durch die Urlaubszeit erscheint unser T\u00e4tigkeitsbericht diesmal mit etwas Versp\u00e4tung. Aber auch im September ist bei uns im Vorbei e.V. wieder einiges im Bunker passiert, \u00fcber das wir an dieser Stelle berichten m\u00f6chten. Museumsbunker Hannover: Unsere Starterbatterie ist defekt! Schon h\u00e4ufiger haben wir \u00fcber unsere regelm\u00e4\u00dfigen Wartungsarbeiten an den Starterbatterien &hellip; <\/p>\n<p class=\"link-more\"><a href=\"https:\/\/www.vorbei-ev.de\/wwwa\/2019\/10\/10\/vereinsaktivitaeten-im-september-2019-2\/\" class=\"more-link\"><span class=\"screen-reader-text\">\u201eVereinsaktivit\u00e4ten im September 2019\u201c <\/span>weiterlesen<\/a><\/p>\n","protected":false},"author":2,"featured_media":7655,"comment_status":"closed","ping_status":"open","sticky":false,"template":"","format":"image","meta":{"footnotes":""},"categories":[18],"tags":[],"class_list":["post-8852","post","type-post","status-publish","format-image","has-post-thumbnail","hentry","category-18","post_format-post-format-image"],"yoast_head":"<!-- This site is optimized with the Yoast SEO plugin v27.4 - https:\/\/yoast.com\/product\/yoast-seo-wordpress\/ -->\n<title>Vereinsaktivit\u00e4ten im September 2019 - Vorbei e.V.<\/title>\n<meta name=\"description\" content=\"Wir mussten leider feststellen, dass unsere Batterien ihre Lebensdauer erreicht haben und nicht weiter eingesetzt werden k\u00f6nnen. Die Betriebsspannung wird nicht mehr erreicht und der Ladevorgang kommt nicht zum Abschluss.Die zurzeit eingesetzten Batterien stammen aus einer Materialspende aus dem Landkreis Cuxhaven. Der Batteriehersteller Hoppecke gibt f\u00fcr diesen Batterietyp eine Lebensdauer von 15 Jahren an. Unsere Batterien haben diesen Zeitraum bereits um 9 Jahre \u00fcberschritten. Nach Auskunft des Herstellers besteht keine M\u00f6glichkeit, diese Batterien zu regenerieren.\" \/>\n<meta name=\"robots\" content=\"index, follow, max-snippet:-1, max-image-preview:large, max-video-preview:-1\" \/>\n<link rel=\"canonical\" href=\"https:\/\/www.vorbei-ev.de\/wwwa\/2019\/10\/10\/vereinsaktivitaeten-im-september-2019-2\/\" \/>\n<meta property=\"og:locale\" content=\"de_DE\" \/>\n<meta property=\"og:type\" content=\"article\" \/>\n<meta property=\"og:title\" content=\"Vereinsaktivit\u00e4ten im September 2019 - Vorbei e.V.\" \/>\n<meta property=\"og:description\" content=\"Wir mussten leider feststellen, dass unsere Batterien ihre Lebensdauer erreicht haben und nicht weiter eingesetzt werden k\u00f6nnen. Die Betriebsspannung wird nicht mehr erreicht und der Ladevorgang kommt nicht zum Abschluss.Die zurzeit eingesetzten Batterien stammen aus einer Materialspende aus dem Landkreis Cuxhaven. Der Batteriehersteller Hoppecke gibt f\u00fcr diesen Batterietyp eine Lebensdauer von 15 Jahren an. Unsere Batterien haben diesen Zeitraum bereits um 9 Jahre \u00fcberschritten. Nach Auskunft des Herstellers besteht keine M\u00f6glichkeit, diese Batterien zu regenerieren.\" \/>\n<meta property=\"og:url\" content=\"https:\/\/www.vorbei-ev.de\/wwwa\/2019\/10\/10\/vereinsaktivitaeten-im-september-2019-2\/\" \/>\n<meta property=\"og:site_name\" content=\"Vorbei e.V.\" \/>\n<meta property=\"article:publisher\" content=\"https:\/\/www.facebook.com\/groups\/107150626035606\/\" \/>\n<meta property=\"article:published_time\" content=\"2019-10-10T12:00:35+00:00\" \/>\n<meta property=\"article:modified_time\" content=\"2021-03-10T12:01:33+00:00\" \/>\n<meta property=\"og:image\" content=\"https:\/\/www.vorbei-ev.de\/wwwa\/wp-content\/uploads\/2019\/10\/bunker-hannover_image_2019-09_03.jpg\" \/>\n\t<meta property=\"og:image:width\" content=\"800\" \/>\n\t<meta property=\"og:image:height\" content=\"533\" \/>\n\t<meta property=\"og:image:type\" content=\"image\/jpeg\" \/>\n<meta name=\"author\" content=\"Lars Knauer\" \/>\n<meta name=\"twitter:card\" content=\"summary_large_image\" \/>\n<meta name=\"twitter:image\" content=\"https:\/\/www.vorbei-ev.de\/wwwa\/wp-content\/uploads\/2019\/10\/bunker-hannover_image_2019-09_03.jpg\" \/>\n<meta name=\"twitter:label1\" content=\"Verfasst von\" \/>\n\t<meta name=\"twitter:data1\" content=\"Lars Knauer\" \/>\n\t<meta name=\"twitter:label2\" content=\"Gesch\u00e4tzte Lesezeit\" \/>\n\t<meta name=\"twitter:data2\" content=\"3\u00a0Minuten\" \/>\n<script type=\"application\/ld+json\" class=\"yoast-schema-graph\">{\"@context\":\"https:\\\/\\\/schema.org\",\"@graph\":[{\"@type\":\"Article\",\"@id\":\"https:\\\/\\\/www.vorbei-ev.de\\\/wwwa\\\/2019\\\/10\\\/10\\\/vereinsaktivitaeten-im-september-2019-2\\\/#article\",\"isPartOf\":{\"@id\":\"https:\\\/\\\/www.vorbei-ev.de\\\/wwwa\\\/2019\\\/10\\\/10\\\/vereinsaktivitaeten-im-september-2019-2\\\/\"},\"author\":{\"name\":\"Lars Knauer\",\"@id\":\"https:\\\/\\\/www.vorbei-ev.de\\\/wwwa\\\/#\\\/schema\\\/person\\\/73a85b6f1e47d7e120f5469e01829e53\"},\"headline\":\"Vereinsaktivit\u00e4ten im September 2019\",\"datePublished\":\"2019-10-10T12:00:35+00:00\",\"dateModified\":\"2021-03-10T12:01:33+00:00\",\"mainEntityOfPage\":{\"@id\":\"https:\\\/\\\/www.vorbei-ev.de\\\/wwwa\\\/2019\\\/10\\\/10\\\/vereinsaktivitaeten-im-september-2019-2\\\/\"},\"wordCount\":420,\"publisher\":{\"@id\":\"https:\\\/\\\/www.vorbei-ev.de\\\/wwwa\\\/#organization\"},\"image\":{\"@id\":\"https:\\\/\\\/www.vorbei-ev.de\\\/wwwa\\\/2019\\\/10\\\/10\\\/vereinsaktivitaeten-im-september-2019-2\\\/#primaryimage\"},\"thumbnailUrl\":\"https:\\\/\\\/www.vorbei-ev.de\\\/wwwa\\\/wp-content\\\/uploads\\\/2019\\\/10\\\/bunker-hannover_bltitel_201909.jpg\",\"articleSection\":[\"2019\"],\"inLanguage\":\"de\"},{\"@type\":\"WebPage\",\"@id\":\"https:\\\/\\\/www.vorbei-ev.de\\\/wwwa\\\/2019\\\/10\\\/10\\\/vereinsaktivitaeten-im-september-2019-2\\\/\",\"url\":\"https:\\\/\\\/www.vorbei-ev.de\\\/wwwa\\\/2019\\\/10\\\/10\\\/vereinsaktivitaeten-im-september-2019-2\\\/\",\"name\":\"Vereinsaktivit\u00e4ten im September 2019 - Vorbei e.V.\",\"isPartOf\":{\"@id\":\"https:\\\/\\\/www.vorbei-ev.de\\\/wwwa\\\/#website\"},\"primaryImageOfPage\":{\"@id\":\"https:\\\/\\\/www.vorbei-ev.de\\\/wwwa\\\/2019\\\/10\\\/10\\\/vereinsaktivitaeten-im-september-2019-2\\\/#primaryimage\"},\"image\":{\"@id\":\"https:\\\/\\\/www.vorbei-ev.de\\\/wwwa\\\/2019\\\/10\\\/10\\\/vereinsaktivitaeten-im-september-2019-2\\\/#primaryimage\"},\"thumbnailUrl\":\"https:\\\/\\\/www.vorbei-ev.de\\\/wwwa\\\/wp-content\\\/uploads\\\/2019\\\/10\\\/bunker-hannover_bltitel_201909.jpg\",\"datePublished\":\"2019-10-10T12:00:35+00:00\",\"dateModified\":\"2021-03-10T12:01:33+00:00\",\"description\":\"Wir mussten leider feststellen, dass unsere Batterien ihre Lebensdauer erreicht haben und nicht weiter eingesetzt werden k\u00f6nnen. Die Betriebsspannung wird nicht mehr erreicht und der Ladevorgang kommt nicht zum Abschluss.Die zurzeit eingesetzten Batterien stammen aus einer Materialspende aus dem Landkreis Cuxhaven. Der Batteriehersteller Hoppecke gibt f\u00fcr diesen Batterietyp eine Lebensdauer von 15 Jahren an. Unsere Batterien haben diesen Zeitraum bereits um 9 Jahre \u00fcberschritten. Nach Auskunft des Herstellers besteht keine M\u00f6glichkeit, diese Batterien zu regenerieren.\",\"breadcrumb\":{\"@id\":\"https:\\\/\\\/www.vorbei-ev.de\\\/wwwa\\\/2019\\\/10\\\/10\\\/vereinsaktivitaeten-im-september-2019-2\\\/#breadcrumb\"},\"inLanguage\":\"de\",\"potentialAction\":[{\"@type\":\"ReadAction\",\"target\":[\"https:\\\/\\\/www.vorbei-ev.de\\\/wwwa\\\/2019\\\/10\\\/10\\\/vereinsaktivitaeten-im-september-2019-2\\\/\"]}]},{\"@type\":\"ImageObject\",\"inLanguage\":\"de\",\"@id\":\"https:\\\/\\\/www.vorbei-ev.de\\\/wwwa\\\/2019\\\/10\\\/10\\\/vereinsaktivitaeten-im-september-2019-2\\\/#primaryimage\",\"url\":\"https:\\\/\\\/www.vorbei-ev.de\\\/wwwa\\\/wp-content\\\/uploads\\\/2019\\\/10\\\/bunker-hannover_bltitel_201909.jpg\",\"contentUrl\":\"https:\\\/\\\/www.vorbei-ev.de\\\/wwwa\\\/wp-content\\\/uploads\\\/2019\\\/10\\\/bunker-hannover_bltitel_201909.jpg\",\"width\":450,\"height\":450,\"caption\":\"Batterietisch im Bunker mit aufgesetzter Abdeckplatte.\"},{\"@type\":\"BreadcrumbList\",\"@id\":\"https:\\\/\\\/www.vorbei-ev.de\\\/wwwa\\\/2019\\\/10\\\/10\\\/vereinsaktivitaeten-im-september-2019-2\\\/#breadcrumb\",\"itemListElement\":[{\"@type\":\"ListItem\",\"position\":1,\"name\":\"Startseite\",\"item\":\"https:\\\/\\\/www.vorbei-ev.de\\\/wwwa\\\/\"},{\"@type\":\"ListItem\",\"position\":2,\"name\":\"Vereinsaktivit\u00e4ten im September 2019\"}]},{\"@type\":\"WebSite\",\"@id\":\"https:\\\/\\\/www.vorbei-ev.de\\\/wwwa\\\/#website\",\"url\":\"https:\\\/\\\/www.vorbei-ev.de\\\/wwwa\\\/\",\"name\":\"Vorbei e.V.\",\"description\":\"Dokumentation und Erhalt zeitgeschichtlicher Bauwerke\",\"publisher\":{\"@id\":\"https:\\\/\\\/www.vorbei-ev.de\\\/wwwa\\\/#organization\"},\"potentialAction\":[{\"@type\":\"SearchAction\",\"target\":{\"@type\":\"EntryPoint\",\"urlTemplate\":\"https:\\\/\\\/www.vorbei-ev.de\\\/wwwa\\\/?s={search_term_string}\"},\"query-input\":{\"@type\":\"PropertyValueSpecification\",\"valueRequired\":true,\"valueName\":\"search_term_string\"}}],\"inLanguage\":\"de\"},{\"@type\":\"Organization\",\"@id\":\"https:\\\/\\\/www.vorbei-ev.de\\\/wwwa\\\/#organization\",\"name\":\"Vorbei e.V.\",\"url\":\"https:\\\/\\\/www.vorbei-ev.de\\\/wwwa\\\/\",\"logo\":{\"@type\":\"ImageObject\",\"inLanguage\":\"de\",\"@id\":\"https:\\\/\\\/www.vorbei-ev.de\\\/wwwa\\\/#\\\/schema\\\/logo\\\/image\\\/\",\"url\":\"https:\\\/\\\/www.vorbei-ev.de\\\/wwwa\\\/wp-content\\\/uploads\\\/2017\\\/04\\\/Logo_schwarz_640px.png\",\"contentUrl\":\"https:\\\/\\\/www.vorbei-ev.de\\\/wwwa\\\/wp-content\\\/uploads\\\/2017\\\/04\\\/Logo_schwarz_640px.png\",\"width\":640,\"height\":120,\"caption\":\"Vorbei e.V.\"},\"image\":{\"@id\":\"https:\\\/\\\/www.vorbei-ev.de\\\/wwwa\\\/#\\\/schema\\\/logo\\\/image\\\/\"},\"sameAs\":[\"https:\\\/\\\/www.facebook.com\\\/groups\\\/107150626035606\\\/\"]},{\"@type\":\"Person\",\"@id\":\"https:\\\/\\\/www.vorbei-ev.de\\\/wwwa\\\/#\\\/schema\\\/person\\\/73a85b6f1e47d7e120f5469e01829e53\",\"name\":\"Lars Knauer\",\"image\":{\"@type\":\"ImageObject\",\"inLanguage\":\"de\",\"@id\":\"https:\\\/\\\/secure.gravatar.com\\\/avatar\\\/c136720ef8906c1f38a1bab0adc43160b1ccd6793f5abe75d6ea003e09b6c569?s=96&d=mm&r=g\",\"url\":\"https:\\\/\\\/secure.gravatar.com\\\/avatar\\\/c136720ef8906c1f38a1bab0adc43160b1ccd6793f5abe75d6ea003e09b6c569?s=96&d=mm&r=g\",\"contentUrl\":\"https:\\\/\\\/secure.gravatar.com\\\/avatar\\\/c136720ef8906c1f38a1bab0adc43160b1ccd6793f5abe75d6ea003e09b6c569?s=96&d=mm&r=g\",\"caption\":\"Lars Knauer\"},\"url\":\"https:\\\/\\\/www.vorbei-ev.de\\\/wwwa\\\/author\\\/lars\\\/\"}]}<\/script>\n<!-- \/ Yoast SEO plugin. -->","yoast_head_json":{"title":"Vereinsaktivit\u00e4ten im September 2019 - Vorbei e.V.","description":"Wir mussten leider feststellen, dass unsere Batterien ihre Lebensdauer erreicht haben und nicht weiter eingesetzt werden k\u00f6nnen. Die Betriebsspannung wird nicht mehr erreicht und der Ladevorgang kommt nicht zum Abschluss.Die zurzeit eingesetzten Batterien stammen aus einer Materialspende aus dem Landkreis Cuxhaven. Der Batteriehersteller Hoppecke gibt f\u00fcr diesen Batterietyp eine Lebensdauer von 15 Jahren an. Unsere Batterien haben diesen Zeitraum bereits um 9 Jahre \u00fcberschritten. Nach Auskunft des Herstellers besteht keine M\u00f6glichkeit, diese Batterien zu regenerieren.","robots":{"index":"index","follow":"follow","max-snippet":"max-snippet:-1","max-image-preview":"max-image-preview:large","max-video-preview":"max-video-preview:-1"},"canonical":"https:\/\/www.vorbei-ev.de\/wwwa\/2019\/10\/10\/vereinsaktivitaeten-im-september-2019-2\/","og_locale":"de_DE","og_type":"article","og_title":"Vereinsaktivit\u00e4ten im September 2019 - Vorbei e.V.","og_description":"Wir mussten leider feststellen, dass unsere Batterien ihre Lebensdauer erreicht haben und nicht weiter eingesetzt werden k\u00f6nnen. Die Betriebsspannung wird nicht mehr erreicht und der Ladevorgang kommt nicht zum Abschluss.Die zurzeit eingesetzten Batterien stammen aus einer Materialspende aus dem Landkreis Cuxhaven. Der Batteriehersteller Hoppecke gibt f\u00fcr diesen Batterietyp eine Lebensdauer von 15 Jahren an. Unsere Batterien haben diesen Zeitraum bereits um 9 Jahre \u00fcberschritten. Nach Auskunft des Herstellers besteht keine M\u00f6glichkeit, diese Batterien zu regenerieren.","og_url":"https:\/\/www.vorbei-ev.de\/wwwa\/2019\/10\/10\/vereinsaktivitaeten-im-september-2019-2\/","og_site_name":"Vorbei e.V.","article_publisher":"https:\/\/www.facebook.com\/groups\/107150626035606\/","article_published_time":"2019-10-10T12:00:35+00:00","article_modified_time":"2021-03-10T12:01:33+00:00","og_image":[{"width":800,"height":533,"url":"https:\/\/www.vorbei-ev.de\/wwwa\/wp-content\/uploads\/2019\/10\/bunker-hannover_image_2019-09_03.jpg","type":"image\/jpeg"}],"author":"Lars Knauer","twitter_card":"summary_large_image","twitter_image":"https:\/\/www.vorbei-ev.de\/wwwa\/wp-content\/uploads\/2019\/10\/bunker-hannover_image_2019-09_03.jpg","twitter_misc":{"Verfasst von":"Lars Knauer","Gesch\u00e4tzte Lesezeit":"3\u00a0Minuten"},"schema":{"@context":"https:\/\/schema.org","@graph":[{"@type":"Article","@id":"https:\/\/www.vorbei-ev.de\/wwwa\/2019\/10\/10\/vereinsaktivitaeten-im-september-2019-2\/#article","isPartOf":{"@id":"https:\/\/www.vorbei-ev.de\/wwwa\/2019\/10\/10\/vereinsaktivitaeten-im-september-2019-2\/"},"author":{"name":"Lars Knauer","@id":"https:\/\/www.vorbei-ev.de\/wwwa\/#\/schema\/person\/73a85b6f1e47d7e120f5469e01829e53"},"headline":"Vereinsaktivit\u00e4ten im September 2019","datePublished":"2019-10-10T12:00:35+00:00","dateModified":"2021-03-10T12:01:33+00:00","mainEntityOfPage":{"@id":"https:\/\/www.vorbei-ev.de\/wwwa\/2019\/10\/10\/vereinsaktivitaeten-im-september-2019-2\/"},"wordCount":420,"publisher":{"@id":"https:\/\/www.vorbei-ev.de\/wwwa\/#organization"},"image":{"@id":"https:\/\/www.vorbei-ev.de\/wwwa\/2019\/10\/10\/vereinsaktivitaeten-im-september-2019-2\/#primaryimage"},"thumbnailUrl":"https:\/\/www.vorbei-ev.de\/wwwa\/wp-content\/uploads\/2019\/10\/bunker-hannover_bltitel_201909.jpg","articleSection":["2019"],"inLanguage":"de"},{"@type":"WebPage","@id":"https:\/\/www.vorbei-ev.de\/wwwa\/2019\/10\/10\/vereinsaktivitaeten-im-september-2019-2\/","url":"https:\/\/www.vorbei-ev.de\/wwwa\/2019\/10\/10\/vereinsaktivitaeten-im-september-2019-2\/","name":"Vereinsaktivit\u00e4ten im September 2019 - Vorbei e.V.","isPartOf":{"@id":"https:\/\/www.vorbei-ev.de\/wwwa\/#website"},"primaryImageOfPage":{"@id":"https:\/\/www.vorbei-ev.de\/wwwa\/2019\/10\/10\/vereinsaktivitaeten-im-september-2019-2\/#primaryimage"},"image":{"@id":"https:\/\/www.vorbei-ev.de\/wwwa\/2019\/10\/10\/vereinsaktivitaeten-im-september-2019-2\/#primaryimage"},"thumbnailUrl":"https:\/\/www.vorbei-ev.de\/wwwa\/wp-content\/uploads\/2019\/10\/bunker-hannover_bltitel_201909.jpg","datePublished":"2019-10-10T12:00:35+00:00","dateModified":"2021-03-10T12:01:33+00:00","description":"Wir mussten leider feststellen, dass unsere Batterien ihre Lebensdauer erreicht haben und nicht weiter eingesetzt werden k\u00f6nnen. Die Betriebsspannung wird nicht mehr erreicht und der Ladevorgang kommt nicht zum Abschluss.Die zurzeit eingesetzten Batterien stammen aus einer Materialspende aus dem Landkreis Cuxhaven. Der Batteriehersteller Hoppecke gibt f\u00fcr diesen Batterietyp eine Lebensdauer von 15 Jahren an. Unsere Batterien haben diesen Zeitraum bereits um 9 Jahre \u00fcberschritten. Nach Auskunft des Herstellers besteht keine M\u00f6glichkeit, diese Batterien zu regenerieren.","breadcrumb":{"@id":"https:\/\/www.vorbei-ev.de\/wwwa\/2019\/10\/10\/vereinsaktivitaeten-im-september-2019-2\/#breadcrumb"},"inLanguage":"de","potentialAction":[{"@type":"ReadAction","target":["https:\/\/www.vorbei-ev.de\/wwwa\/2019\/10\/10\/vereinsaktivitaeten-im-september-2019-2\/"]}]},{"@type":"ImageObject","inLanguage":"de","@id":"https:\/\/www.vorbei-ev.de\/wwwa\/2019\/10\/10\/vereinsaktivitaeten-im-september-2019-2\/#primaryimage","url":"https:\/\/www.vorbei-ev.de\/wwwa\/wp-content\/uploads\/2019\/10\/bunker-hannover_bltitel_201909.jpg","contentUrl":"https:\/\/www.vorbei-ev.de\/wwwa\/wp-content\/uploads\/2019\/10\/bunker-hannover_bltitel_201909.jpg","width":450,"height":450,"caption":"Batterietisch im Bunker mit aufgesetzter Abdeckplatte."},{"@type":"BreadcrumbList","@id":"https:\/\/www.vorbei-ev.de\/wwwa\/2019\/10\/10\/vereinsaktivitaeten-im-september-2019-2\/#breadcrumb","itemListElement":[{"@type":"ListItem","position":1,"name":"Startseite","item":"https:\/\/www.vorbei-ev.de\/wwwa\/"},{"@type":"ListItem","position":2,"name":"Vereinsaktivit\u00e4ten im September 2019"}]},{"@type":"WebSite","@id":"https:\/\/www.vorbei-ev.de\/wwwa\/#website","url":"https:\/\/www.vorbei-ev.de\/wwwa\/","name":"Vorbei e.V.","description":"Dokumentation und Erhalt zeitgeschichtlicher Bauwerke","publisher":{"@id":"https:\/\/www.vorbei-ev.de\/wwwa\/#organization"},"potentialAction":[{"@type":"SearchAction","target":{"@type":"EntryPoint","urlTemplate":"https:\/\/www.vorbei-ev.de\/wwwa\/?s={search_term_string}"},"query-input":{"@type":"PropertyValueSpecification","valueRequired":true,"valueName":"search_term_string"}}],"inLanguage":"de"},{"@type":"Organization","@id":"https:\/\/www.vorbei-ev.de\/wwwa\/#organization","name":"Vorbei e.V.","url":"https:\/\/www.vorbei-ev.de\/wwwa\/","logo":{"@type":"ImageObject","inLanguage":"de","@id":"https:\/\/www.vorbei-ev.de\/wwwa\/#\/schema\/logo\/image\/","url":"https:\/\/www.vorbei-ev.de\/wwwa\/wp-content\/uploads\/2017\/04\/Logo_schwarz_640px.png","contentUrl":"https:\/\/www.vorbei-ev.de\/wwwa\/wp-content\/uploads\/2017\/04\/Logo_schwarz_640px.png","width":640,"height":120,"caption":"Vorbei e.V."},"image":{"@id":"https:\/\/www.vorbei-ev.de\/wwwa\/#\/schema\/logo\/image\/"},"sameAs":["https:\/\/www.facebook.com\/groups\/107150626035606\/"]},{"@type":"Person","@id":"https:\/\/www.vorbei-ev.de\/wwwa\/#\/schema\/person\/73a85b6f1e47d7e120f5469e01829e53","name":"Lars Knauer","image":{"@type":"ImageObject","inLanguage":"de","@id":"https:\/\/secure.gravatar.com\/avatar\/c136720ef8906c1f38a1bab0adc43160b1ccd6793f5abe75d6ea003e09b6c569?s=96&d=mm&r=g","url":"https:\/\/secure.gravatar.com\/avatar\/c136720ef8906c1f38a1bab0adc43160b1ccd6793f5abe75d6ea003e09b6c569?s=96&d=mm&r=g","contentUrl":"https:\/\/secure.gravatar.com\/avatar\/c136720ef8906c1f38a1bab0adc43160b1ccd6793f5abe75d6ea003e09b6c569?s=96&d=mm&r=g","caption":"Lars Knauer"},"url":"https:\/\/www.vorbei-ev.de\/wwwa\/author\/lars\/"}]}},"_links":{"self":[{"href":"https:\/\/www.vorbei-ev.de\/wwwa\/wp-json\/wp\/v2\/posts\/8852","targetHints":{"allow":["GET"]}}],"collection":[{"href":"https:\/\/www.vorbei-ev.de\/wwwa\/wp-json\/wp\/v2\/posts"}],"about":[{"href":"https:\/\/www.vorbei-ev.de\/wwwa\/wp-json\/wp\/v2\/types\/post"}],"author":[{"embeddable":true,"href":"https:\/\/www.vorbei-ev.de\/wwwa\/wp-json\/wp\/v2\/users\/2"}],"replies":[{"embeddable":true,"href":"https:\/\/www.vorbei-ev.de\/wwwa\/wp-json\/wp\/v2\/comments?post=8852"}],"version-history":[{"count":2,"href":"https:\/\/www.vorbei-ev.de\/wwwa\/wp-json\/wp\/v2\/posts\/8852\/revisions"}],"predecessor-version":[{"id":8854,"href":"https:\/\/www.vorbei-ev.de\/wwwa\/wp-json\/wp\/v2\/posts\/8852\/revisions\/8854"}],"wp:featuredmedia":[{"embeddable":true,"href":"https:\/\/www.vorbei-ev.de\/wwwa\/wp-json\/wp\/v2\/media\/7655"}],"wp:attachment":[{"href":"https:\/\/www.vorbei-ev.de\/wwwa\/wp-json\/wp\/v2\/media?parent=8852"}],"wp:term":[{"taxonomy":"category","embeddable":true,"href":"https:\/\/www.vorbei-ev.de\/wwwa\/wp-json\/wp\/v2\/categories?post=8852"},{"taxonomy":"post_tag","embeddable":true,"href":"https:\/\/www.vorbei-ev.de\/wwwa\/wp-json\/wp\/v2\/tags?post=8852"}],"curies":[{"name":"wp","href":"https:\/\/api.w.org\/{rel}","templated":true}]}}