{"id":8763,"date":"2017-10-10T13:30:09","date_gmt":"2017-10-10T11:30:09","guid":{"rendered":"http:\/\/www.vorbei-ev.de\/wwwa\/?p=8763"},"modified":"2021-03-16T20:58:42","modified_gmt":"2021-03-16T19:58:42","slug":"vereinsaktivitaeten-im-september-2017-2","status":"publish","type":"post","link":"https:\/\/www.vorbei-ev.de\/wwwa\/2017\/10\/10\/vereinsaktivitaeten-im-september-2017-2\/","title":{"rendered":"Vereinsaktivit\u00e4ten im September 2017"},"content":{"rendered":"<h2>TV-Beitrag \u00fcber die GSVBw 22 Elmlohe in \u201eHallo Niedersachsen\u201c auf NDR<\/h2>\n<p>Zum bundesweiten \u201eTag des offenen Denkmals\u201c am 10. September 2017 strahlte der NDR in seinem TV-Magazin \u201eHallo Niedersachsen\u201c einen Beitrag aus einer unserer Vereinsanlagen, der GSVBw 22 Elmlohe, aus. Eine Zielsetzung des Denkmaltages ist es, in der \u00d6ffentlichkeit das Interesse f\u00fcr den Denkmalschutz zu wecken. Auch auf die wichtige Bedeutung der Denkmalpflege soll dieser Tag aufmerksam machen. Die GSVBw 22 Elmlohe wurde auf unserem Antrag im September 2009 als Gruppe baulicher Anlagen (nach \u00a73 Abs. 3 NDSchG) in das Verzeichnis der Kulturdenkmale (Baudenkmale) aufgenommen. Als erstes Baudenkmal im Landkreis Cuxhaven wurde die GSVBw 22 mit der Denkmalschutzplakette ausgezeichnet. Somit ist die GSVBw 22 bestens f\u00fcr einen Beitrag anl\u00e4sslich des Denkmaltages geeignet!<\/p>\n<p>Die Dreharbeiten f\u00fcr diesen Bericht fanden am Tag zuvor statt. Wir freuen uns sehr \u00fcber das gro\u00dfe Interesse an unserer ehrenamtlichen und gemeinn\u00fctzigen Vereinsarbeit und bedanken uns herzlich beim NDR f\u00fcr den sehr gut gelungenen TV-Bericht!<\/p>\n<figure id=\"attachment_6824\" aria-describedby=\"caption-attachment-6824\" style=\"width: 800px\" class=\"wp-caption aligncenter\"><img loading=\"lazy\" decoding=\"async\" class=\"wp-image-6824 size-full\" src=\"https:\/\/www.vorbei-ev.de\/wwwa\/wp-content\/uploads\/2017\/10\/bunker_gsvbw_image2017-09_10.jpg\" alt=\"\" width=\"800\" height=\"600\" srcset=\"https:\/\/www.vorbei-ev.de\/wwwa\/wp-content\/uploads\/2017\/10\/bunker_gsvbw_image2017-09_10.jpg 800w, https:\/\/www.vorbei-ev.de\/wwwa\/wp-content\/uploads\/2017\/10\/bunker_gsvbw_image2017-09_10-400x300.jpg 400w, https:\/\/www.vorbei-ev.de\/wwwa\/wp-content\/uploads\/2017\/10\/bunker_gsvbw_image2017-09_10-768x576.jpg 768w\" sizes=\"auto, (max-width: 706px) 89vw, (max-width: 767px) 82vw, 740px\" \/><figcaption id=\"caption-attachment-6824\" class=\"wp-caption-text\">Vorbereitungen zu den Dreharbeiten in der <a href=\"https:\/\/www.vorbei-ev.de\/wwwa\/virtuelles-gsvbw-museum-grundriss-raum-1\/\" target=\"_blank\" rel=\"noopener noreferrer\">Fernsprechvermittlung (Raum 1)<\/a> des <a href=\"https:\/\/www.vorbei-ev.de\/wwwa\/virtuelles-gsvbw-museum-grundriss-gsvbw-typ-a\/\" target=\"_blank\" rel=\"noopener noreferrer\">Fernmeldebunkers<\/a>.<\/figcaption><\/figure>\n<figure id=\"attachment_6825\" aria-describedby=\"caption-attachment-6825\" style=\"width: 800px\" class=\"wp-caption aligncenter\"><img loading=\"lazy\" decoding=\"async\" class=\"wp-image-6825 size-full\" src=\"https:\/\/www.vorbei-ev.de\/wwwa\/wp-content\/uploads\/2017\/10\/bunker_gsvbw_image2017-09_11.jpg\" alt=\"\" width=\"800\" height=\"600\" srcset=\"https:\/\/www.vorbei-ev.de\/wwwa\/wp-content\/uploads\/2017\/10\/bunker_gsvbw_image2017-09_11.jpg 800w, https:\/\/www.vorbei-ev.de\/wwwa\/wp-content\/uploads\/2017\/10\/bunker_gsvbw_image2017-09_11-400x300.jpg 400w, https:\/\/www.vorbei-ev.de\/wwwa\/wp-content\/uploads\/2017\/10\/bunker_gsvbw_image2017-09_11-768x576.jpg 768w\" sizes=\"auto, (max-width: 706px) 89vw, (max-width: 767px) 82vw, 740px\" \/><figcaption id=\"caption-attachment-6825\" class=\"wp-caption-text\">Hier bereitet das Kamerateam die Dreharbeiten in der <a href=\"https:\/\/www.vorbei-ev.de\/wwwa\/virtuelles-gsvbw-museum-grundriss-raum-10\/\" target=\"_blank\" rel=\"noopener noreferrer\">Fernschreibvermittlung (Raum 10)<\/a> vor.<\/figcaption><\/figure>\n<figure id=\"attachment_6826\" aria-describedby=\"caption-attachment-6826\" style=\"width: 800px\" class=\"wp-caption aligncenter\"><img loading=\"lazy\" decoding=\"async\" class=\"wp-image-6826 size-full\" src=\"https:\/\/www.vorbei-ev.de\/wwwa\/wp-content\/uploads\/2017\/10\/bunker_gsvbw_image2017-09_12.jpg\" alt=\"\" width=\"800\" height=\"600\" srcset=\"https:\/\/www.vorbei-ev.de\/wwwa\/wp-content\/uploads\/2017\/10\/bunker_gsvbw_image2017-09_12.jpg 800w, https:\/\/www.vorbei-ev.de\/wwwa\/wp-content\/uploads\/2017\/10\/bunker_gsvbw_image2017-09_12-400x300.jpg 400w, https:\/\/www.vorbei-ev.de\/wwwa\/wp-content\/uploads\/2017\/10\/bunker_gsvbw_image2017-09_12-768x576.jpg 768w\" sizes=\"auto, (max-width: 706px) 89vw, (max-width: 767px) 82vw, 740px\" \/><figcaption id=\"caption-attachment-6826\" class=\"wp-caption-text\">Ein Vereinsmitglied des Vorbei e.V. bei den Dreharbeiten in der <a href=\"https:\/\/www.vorbei-ev.de\/wwwa\/virtuelles-gsvbw-museum-grundriss-raum-10\/\" target=\"_blank\" rel=\"noopener noreferrer\">Fernschreibvermittlung<\/a>.<\/figcaption><\/figure>\n<figure id=\"attachment_6828\" aria-describedby=\"caption-attachment-6828\" style=\"width: 800px\" class=\"wp-caption aligncenter\"><img loading=\"lazy\" decoding=\"async\" class=\"wp-image-6828 size-full\" src=\"https:\/\/www.vorbei-ev.de\/wwwa\/wp-content\/uploads\/2017\/10\/bunker_gsvbw_image2017-09_14.jpg\" alt=\"\" width=\"800\" height=\"600\" srcset=\"https:\/\/www.vorbei-ev.de\/wwwa\/wp-content\/uploads\/2017\/10\/bunker_gsvbw_image2017-09_14.jpg 800w, https:\/\/www.vorbei-ev.de\/wwwa\/wp-content\/uploads\/2017\/10\/bunker_gsvbw_image2017-09_14-400x300.jpg 400w, https:\/\/www.vorbei-ev.de\/wwwa\/wp-content\/uploads\/2017\/10\/bunker_gsvbw_image2017-09_14-768x576.jpg 768w\" sizes=\"auto, (max-width: 706px) 89vw, (max-width: 767px) 82vw, 740px\" \/><figcaption id=\"caption-attachment-6828\" class=\"wp-caption-text\">Filmarbeiten im <a href=\"https:\/\/www.vorbei-ev.de\/wwwa\/virtuelles-gsvbw-museum-grundriss-raum-20\/\" target=\"_blank\" rel=\"noopener noreferrer\">Raum 20 (Maschinenraum)<\/a>.<\/figcaption><\/figure>\n<figure id=\"attachment_6829\" aria-describedby=\"caption-attachment-6829\" style=\"width: 800px\" class=\"wp-caption aligncenter\"><img loading=\"lazy\" decoding=\"async\" class=\"wp-image-6829 size-full\" src=\"https:\/\/www.vorbei-ev.de\/wwwa\/wp-content\/uploads\/2017\/10\/bunker_gsvbw_image2017-09_15.jpg\" alt=\"\" width=\"800\" height=\"600\" srcset=\"https:\/\/www.vorbei-ev.de\/wwwa\/wp-content\/uploads\/2017\/10\/bunker_gsvbw_image2017-09_15.jpg 800w, https:\/\/www.vorbei-ev.de\/wwwa\/wp-content\/uploads\/2017\/10\/bunker_gsvbw_image2017-09_15-400x300.jpg 400w, https:\/\/www.vorbei-ev.de\/wwwa\/wp-content\/uploads\/2017\/10\/bunker_gsvbw_image2017-09_15-768x576.jpg 768w\" sizes=\"auto, (max-width: 706px) 89vw, (max-width: 767px) 82vw, 740px\" \/><figcaption id=\"caption-attachment-6829\" class=\"wp-caption-text\">Auch in der <a href=\"https:\/\/www.vorbei-ev.de\/wwwa\/virtuelles-gsvbw-museum-grundriss-raum-24\/\" target=\"_blank\" rel=\"noopener noreferrer\">L\u00fcftungs- und Klimaanlage (Raum 24)<\/a> wurden Dreharbeiten durchgef\u00fchrt.<\/figcaption><\/figure>\n<figure id=\"attachment_6830\" aria-describedby=\"caption-attachment-6830\" style=\"width: 800px\" class=\"wp-caption aligncenter\"><img loading=\"lazy\" decoding=\"async\" class=\"wp-image-6830 size-full\" src=\"https:\/\/www.vorbei-ev.de\/wwwa\/wp-content\/uploads\/2017\/10\/bunker_gsvbw_image2017-09_16.jpg\" alt=\"\" width=\"800\" height=\"600\" srcset=\"https:\/\/www.vorbei-ev.de\/wwwa\/wp-content\/uploads\/2017\/10\/bunker_gsvbw_image2017-09_16.jpg 800w, https:\/\/www.vorbei-ev.de\/wwwa\/wp-content\/uploads\/2017\/10\/bunker_gsvbw_image2017-09_16-400x300.jpg 400w, https:\/\/www.vorbei-ev.de\/wwwa\/wp-content\/uploads\/2017\/10\/bunker_gsvbw_image2017-09_16-768x576.jpg 768w\" sizes=\"auto, (max-width: 706px) 89vw, (max-width: 767px) 82vw, 740px\" \/><figcaption id=\"caption-attachment-6830\" class=\"wp-caption-text\">Der NDR-Kameramann im <a href=\"https:\/\/www.vorbei-ev.de\/wwwa\/virtuelles-gsvbw-museum-grundriss-raum-22\/\" target=\"_blank\" rel=\"noopener noreferrer\">Hochspannungsraum (Raum 22)<\/a>. Hinweis: Die <a href=\"https:\/\/www.vorbei-ev.de\/wwwa\/virtuelles-gsvbw-museum-hochspannungseinspeisung-und-transformatorenstation\/\" target=\"_blank\" rel=\"noopener noreferrer\">Hochspannungseinspeisung<\/a> ist nicht mehr in Betrieb und nach Vorschrift stillgelegt.<\/figcaption><\/figure>\n<figure id=\"attachment_6831\" aria-describedby=\"caption-attachment-6831\" style=\"width: 800px\" class=\"wp-caption aligncenter\"><img loading=\"lazy\" decoding=\"async\" class=\"wp-image-6831 size-full\" src=\"https:\/\/www.vorbei-ev.de\/wwwa\/wp-content\/uploads\/2017\/10\/bunker_gsvbw_image2017-09_17.jpg\" alt=\"\" width=\"800\" height=\"600\" srcset=\"https:\/\/www.vorbei-ev.de\/wwwa\/wp-content\/uploads\/2017\/10\/bunker_gsvbw_image2017-09_17.jpg 800w, https:\/\/www.vorbei-ev.de\/wwwa\/wp-content\/uploads\/2017\/10\/bunker_gsvbw_image2017-09_17-400x300.jpg 400w, https:\/\/www.vorbei-ev.de\/wwwa\/wp-content\/uploads\/2017\/10\/bunker_gsvbw_image2017-09_17-768x576.jpg 768w\" sizes=\"auto, (max-width: 706px) 89vw, (max-width: 767px) 82vw, 740px\" \/><figcaption id=\"caption-attachment-6831\" class=\"wp-caption-text\">Das Kamerateam bei Dreharbeiten im <a href=\"https:\/\/www.vorbei-ev.de\/wwwa\/virtuelles-gsvbw-museum-grundriss-raum-44\/\" target=\"_blank\" rel=\"noopener noreferrer\">Raum 44 (Flur mit Ruhem\u00f6glichkeit)<\/a>.<\/figcaption><\/figure>\n<p>&nbsp;<\/p>\n<h2>TV-Beitrag aus der GSVBw 22 Elmlohe auf NDR im Magazin &#8222;Hallo Niedersachsen&#8220;<\/h2>\n<p>Der TV-Beitrag aus der GSVBw 22 kann \u00fcber unserem <a href=\"https:\/\/www.vorbei-ev.de\/wwwa\/category\/pressespiegel\/\" target=\"_blank\" rel=\"noopener noreferrer\">Pressespiegel<\/a> (dort bis zum Beitrag vom 10.09.2017 vorbl\u00e4ttern) aufgerufen werden.<\/p>\n<p><a href=\"https:\/\/www.vorbei-ev.de\/wwwa\/category\/pressespiegel\/\" target=\"_blank\" rel=\"noopener noreferrer\"><img loading=\"lazy\" decoding=\"async\" class=\"aligncenter wp-image-6832 size-full\" src=\"https:\/\/www.vorbei-ev.de\/wwwa\/wp-content\/uploads\/2017\/10\/bunker_gsvbw_image2017-09_18.jpg\" alt=\"\" width=\"800\" height=\"456\" srcset=\"https:\/\/www.vorbei-ev.de\/wwwa\/wp-content\/uploads\/2017\/10\/bunker_gsvbw_image2017-09_18.jpg 800w, https:\/\/www.vorbei-ev.de\/wwwa\/wp-content\/uploads\/2017\/10\/bunker_gsvbw_image2017-09_18-400x228.jpg 400w, https:\/\/www.vorbei-ev.de\/wwwa\/wp-content\/uploads\/2017\/10\/bunker_gsvbw_image2017-09_18-768x438.jpg 768w\" sizes=\"auto, (max-width: 706px) 89vw, (max-width: 767px) 82vw, 740px\" \/><\/a><\/p>\n<p>&nbsp;<\/p>\n<h2>Der Vorbei e.V. besucht das Warnamt II in Bassum zum \u201eTag des offenen Denkmals\u201c<\/h2>\n<p>In der Bundesrepublik Deutschland wurden bis in die 1990er-Jahre insgesamt 10 Warn\u00e4mter betrieben. Der Warnamtsbunker bildete das Kernst\u00fcck dieser Anlagen. In diesem Schutzbauwerk sorgte das Betriebspersonal im Falle einer Gefahrensituation f\u00fcr die Alarmierung der Bev\u00f6lkerung \u00fcber das Sirenennetzwerk. Weiterhin war es m\u00f6glich, aus dem Warnamtsbunker heraus Lagemeldungen an alle angeschlossenen Warnstellenempf\u00e4nger auszugeben. Auch eine GSVBw verf\u00fcgte \u00fcber einen Warnstellenempf\u00e4nger im <a href=\"https:\/\/www.vorbei-ev.de\/wwwa\/virtuelles-gsvbw-museum-grundriss-raum-7\/\" target=\"_blank\" rel=\"noopener noreferrer\">Dienstraum des LdF (Raum 7)<\/a>.<\/p>\n<p>Die Umfassungsw\u00e4nde des Schutzbauwerkes weisen eine St\u00e4rke von 3 Meter auf. Insgesamt verf\u00fcgt der Warnamtsbunker \u00fcber 4 Etagen, von denen sich die Etagen 2 bis 4 unter Erdgleiche befinden. Die vierte Etage ist f\u00fcr Versorgungseinrichtungen vorgesehen und nicht mit Betriebsr\u00e4umen ausgestattet.<\/p>\n<p>Das Warnamt II in Bassum wird vom Verein Warnamt II e.V. betreut. In ehrenamtlicher und gemeinn\u00fctziger Vereinsarbeit wird der Warnamtsbunker instandgesetzt und restauriert. Anhand der noch vorhandenen technischen Anlagen und Ausstattungsgegenst\u00e4nde k\u00f6nnen die Arbeitsabl\u00e4ufe im Warnamtsbunker originalgetreu vorgestellt werden. Der Besuch gestaltet sich hochinteressant und ist auf jeden Fall zu empfehlen!<\/p>\n<p>Kontakt: Warnamt II e.V. ( <a href=\"http:\/\/www.warnamt.de\" target=\"_blank\" rel=\"noopener noreferrer\">http:\/\/www.warnamt.de<\/a> )<\/p>\n<figure id=\"attachment_6842\" aria-describedby=\"caption-attachment-6842\" style=\"width: 800px\" class=\"wp-caption aligncenter\"><img loading=\"lazy\" decoding=\"async\" class=\"wp-image-6842 size-full\" src=\"https:\/\/www.vorbei-ev.de\/wwwa\/wp-content\/uploads\/2017\/10\/bunker_warnamt_image2017-09_21.jpg\" alt=\"\" width=\"800\" height=\"533\" srcset=\"https:\/\/www.vorbei-ev.de\/wwwa\/wp-content\/uploads\/2017\/10\/bunker_warnamt_image2017-09_21.jpg 800w, https:\/\/www.vorbei-ev.de\/wwwa\/wp-content\/uploads\/2017\/10\/bunker_warnamt_image2017-09_21-400x267.jpg 400w, https:\/\/www.vorbei-ev.de\/wwwa\/wp-content\/uploads\/2017\/10\/bunker_warnamt_image2017-09_21-768x512.jpg 768w\" sizes=\"auto, (max-width: 706px) 89vw, (max-width: 767px) 82vw, 740px\" \/><figcaption id=\"caption-attachment-6842\" class=\"wp-caption-text\">Im Warnamtsbunker: Lageraum mit ABC-\u00dcbersichtskarten.<\/figcaption><\/figure>\n<figure id=\"attachment_6843\" aria-describedby=\"caption-attachment-6843\" style=\"width: 800px\" class=\"wp-caption aligncenter\"><img loading=\"lazy\" decoding=\"async\" class=\"wp-image-6843 size-full\" src=\"https:\/\/www.vorbei-ev.de\/wwwa\/wp-content\/uploads\/2017\/10\/bunker_warnamt_image2017-09_22.jpg\" alt=\"\" width=\"800\" height=\"533\" srcset=\"https:\/\/www.vorbei-ev.de\/wwwa\/wp-content\/uploads\/2017\/10\/bunker_warnamt_image2017-09_22.jpg 800w, https:\/\/www.vorbei-ev.de\/wwwa\/wp-content\/uploads\/2017\/10\/bunker_warnamt_image2017-09_22-400x267.jpg 400w, https:\/\/www.vorbei-ev.de\/wwwa\/wp-content\/uploads\/2017\/10\/bunker_warnamt_image2017-09_22-768x512.jpg 768w\" sizes=\"auto, (max-width: 706px) 89vw, (max-width: 767px) 82vw, 740px\" \/><figcaption id=\"caption-attachment-6843\" class=\"wp-caption-text\">Fernmeldegestelle im Fernmeldeanlagenraum.<\/figcaption><\/figure>\n<figure id=\"attachment_6844\" aria-describedby=\"caption-attachment-6844\" style=\"width: 800px\" class=\"wp-caption aligncenter\"><img loading=\"lazy\" decoding=\"async\" class=\"wp-image-6844 size-full\" src=\"https:\/\/www.vorbei-ev.de\/wwwa\/wp-content\/uploads\/2017\/10\/bunker_warnamt_image2017-09_23.jpg\" alt=\"\" width=\"800\" height=\"533\" srcset=\"https:\/\/www.vorbei-ev.de\/wwwa\/wp-content\/uploads\/2017\/10\/bunker_warnamt_image2017-09_23.jpg 800w, https:\/\/www.vorbei-ev.de\/wwwa\/wp-content\/uploads\/2017\/10\/bunker_warnamt_image2017-09_23-400x267.jpg 400w, https:\/\/www.vorbei-ev.de\/wwwa\/wp-content\/uploads\/2017\/10\/bunker_warnamt_image2017-09_23-768x512.jpg 768w\" sizes=\"auto, (max-width: 706px) 89vw, (max-width: 767px) 82vw, 740px\" \/><figcaption id=\"caption-attachment-6844\" class=\"wp-caption-text\">Fernschreibmaschinen und fernmeldetechnische Ausstattung im Warnamtsbunker.<\/figcaption><\/figure>\n<figure id=\"attachment_6841\" aria-describedby=\"caption-attachment-6841\" style=\"width: 800px\" class=\"wp-caption aligncenter\"><img loading=\"lazy\" decoding=\"async\" class=\"wp-image-6841 size-full\" src=\"https:\/\/www.vorbei-ev.de\/wwwa\/wp-content\/uploads\/2017\/10\/bunker_warnamt_image2017-09_20.jpg\" alt=\"\" width=\"800\" height=\"533\" srcset=\"https:\/\/www.vorbei-ev.de\/wwwa\/wp-content\/uploads\/2017\/10\/bunker_warnamt_image2017-09_20.jpg 800w, https:\/\/www.vorbei-ev.de\/wwwa\/wp-content\/uploads\/2017\/10\/bunker_warnamt_image2017-09_20-400x267.jpg 400w, https:\/\/www.vorbei-ev.de\/wwwa\/wp-content\/uploads\/2017\/10\/bunker_warnamt_image2017-09_20-768x512.jpg 768w\" sizes=\"auto, (max-width: 706px) 89vw, (max-width: 767px) 82vw, 740px\" \/><figcaption id=\"caption-attachment-6841\" class=\"wp-caption-text\">ABC-Filteranlage, bestehend aus ABC-Raumfiltern R10, im 3. Untergeschoss des Bunkers.<\/figcaption><\/figure>\n<p>&nbsp;<\/p>\n<h2>Unser aktuelles Titelbild<\/h2>\n<p>Unser aktuelles Titelbild auf der <a href=\"https:\/\/www.vorbei-ev.de\/wwwa\/\">Startseite<\/a> zeigt eine hydraulisch bet\u00e4tigte Schleusendruckt\u00fcr im Warnamt II Bassum.<\/p>\n<div class=\"shariff shariff-align-left shariff-widget-align-left shariff-buttonstretch\" data-services=\"facebook\" data-url=\"https:\/\/www.vorbei-ev.de\/wwwa\/2017\/10\/10\/vereinsaktivitaeten-im-september-2017-2\/\" data-timestamp=\"1615928322\" data-backendurl=\"https:\/\/www.vorbei-ev.de\/wwwa\/wp-json\/shariff\/v1\/share_counts?\"><ul class=\"shariff-buttons theme-default orientation-horizontal buttonsize-medium\"><li class=\"shariff-button facebook shariff-nocustomcolor\" style=\"background-color:#4273c8\"><a href=\"https:\/\/www.facebook.com\/sharer\/sharer.php?u=https%3A%2F%2Fwww.vorbei-ev.de%2Fwwwa%2F2017%2F10%2F10%2Fvereinsaktivitaeten-im-september-2017-2%2F\" title=\"Bei Facebook teilen\" aria-label=\"Bei Facebook teilen\" role=\"button\" rel=\"nofollow\" class=\"shariff-link\" style=\"; background-color:#3b5998; color:#fff\" target=\"_blank\"><span class=\"shariff-icon\" style=\"\"><svg width=\"32px\" height=\"20px\" xmlns=\"http:\/\/www.w3.org\/2000\/svg\" viewBox=\"0 0 18 32\"><path fill=\"#3b5998\" d=\"M17.1 0.2v4.7h-2.8q-1.5 0-2.1 0.6t-0.5 1.9v3.4h5.2l-0.7 5.3h-4.5v13.6h-5.5v-13.6h-4.5v-5.3h4.5v-3.9q0-3.3 1.9-5.2t5-1.8q2.6 0 4.1 0.2z\"\/><\/svg><\/span><span class=\"shariff-text\">teilen<\/span>&nbsp;<\/a><\/li><li class=\"shariff-button twitter shariff-nocustomcolor\" style=\"background-color:#595959\"><a href=\"https:\/\/twitter.com\/share?url=https%3A%2F%2Fwww.vorbei-ev.de%2Fwwwa%2F2017%2F10%2F10%2Fvereinsaktivitaeten-im-september-2017-2%2F&text=Vereinsaktivit%C3%A4ten%20im%20September%202017\" title=\"Bei X teilen\" aria-label=\"Bei X teilen\" role=\"button\" rel=\"noopener nofollow\" class=\"shariff-link\" style=\"; background-color:#000; color:#fff\" target=\"_blank\"><span class=\"shariff-icon\" style=\"\"><svg width=\"32px\" height=\"20px\" xmlns=\"http:\/\/www.w3.org\/2000\/svg\" viewBox=\"0 0 24 24\"><path fill=\"#000\" d=\"M14.258 10.152L23.176 0h-2.113l-7.747 8.813L7.133 0H0l9.352 13.328L0 23.973h2.113l8.176-9.309 6.531 9.309h7.133zm-2.895 3.293l-.949-1.328L2.875 1.56h3.246l6.086 8.523.945 1.328 7.91 11.078h-3.246zm0 0\"\/><\/svg><\/span><span class=\"shariff-text\">teilen<\/span>&nbsp;<\/a><\/li><li class=\"shariff-button whatsapp shariff-nocustomcolor\" style=\"background-color:#5cbe4a\"><a href=\"https:\/\/api.whatsapp.com\/send?text=https%3A%2F%2Fwww.vorbei-ev.de%2Fwwwa%2F2017%2F10%2F10%2Fvereinsaktivitaeten-im-september-2017-2%2F%20Vereinsaktivit%C3%A4ten%20im%20September%202017\" title=\"Bei Whatsapp teilen\" aria-label=\"Bei Whatsapp teilen\" role=\"button\" rel=\"noopener nofollow\" class=\"shariff-link\" style=\"; background-color:#34af23; color:#fff\" target=\"_blank\"><span class=\"shariff-icon\" style=\"\"><svg width=\"32px\" height=\"20px\" xmlns=\"http:\/\/www.w3.org\/2000\/svg\" viewBox=\"0 0 32 32\"><path fill=\"#34af23\" d=\"M17.6 17.4q0.2 0 1.7 0.8t1.6 0.9q0 0.1 0 0.3 0 0.6-0.3 1.4-0.3 0.7-1.3 1.2t-1.8 0.5q-1 0-3.4-1.1-1.7-0.8-3-2.1t-2.6-3.3q-1.3-1.9-1.3-3.5v-0.1q0.1-1.6 1.3-2.8 0.4-0.4 0.9-0.4 0.1 0 0.3 0t0.3 0q0.3 0 0.5 0.1t0.3 0.5q0.1 0.4 0.6 1.6t0.4 1.3q0 0.4-0.6 1t-0.6 0.8q0 0.1 0.1 0.3 0.6 1.3 1.8 2.4 1 0.9 2.7 1.8 0.2 0.1 0.4 0.1 0.3 0 1-0.9t0.9-0.9zM14 26.9q2.3 0 4.3-0.9t3.6-2.4 2.4-3.6 0.9-4.3-0.9-4.3-2.4-3.6-3.6-2.4-4.3-0.9-4.3 0.9-3.6 2.4-2.4 3.6-0.9 4.3q0 3.6 2.1 6.6l-1.4 4.2 4.3-1.4q2.8 1.9 6.2 1.9zM14 2.2q2.7 0 5.2 1.1t4.3 2.9 2.9 4.3 1.1 5.2-1.1 5.2-2.9 4.3-4.3 2.9-5.2 1.1q-3.5 0-6.5-1.7l-7.4 2.4 2.4-7.2q-1.9-3.2-1.9-6.9 0-2.7 1.1-5.2t2.9-4.3 4.3-2.9 5.2-1.1z\"\/><\/svg><\/span><span class=\"shariff-text\">teilen<\/span>&nbsp;<\/a><\/li><li class=\"shariff-button telegram shariff-nocustomcolor\" style=\"background-color:#4084A6\"><a href=\"https:\/\/telegram.me\/share\/url?url=https%3A%2F%2Fwww.vorbei-ev.de%2Fwwwa%2F2017%2F10%2F10%2Fvereinsaktivitaeten-im-september-2017-2%2F&text=Vereinsaktivit%C3%A4ten%20im%20September%202017\" title=\"Bei Telegram teilen\" aria-label=\"Bei Telegram teilen\" role=\"button\" rel=\"noopener nofollow\" class=\"shariff-link\" style=\"; background-color:#0088cc; color:#fff\" target=\"_blank\"><span class=\"shariff-icon\" style=\"\"><svg width=\"32px\" height=\"20px\" xmlns=\"http:\/\/www.w3.org\/2000\/svg\" viewBox=\"0 0 32 32\"><path fill=\"#0088cc\" d=\"M30.8 6.5l-4.5 21.4c-.3 1.5-1.2 1.9-2.5 1.2L16.9 24l-3.3 3.2c-.4.4-.7.7-1.4.7l.5-7L25.5 9.2c.6-.5-.1-.8-.9-.3l-15.8 10L2 16.7c-1.5-.5-1.5-1.5.3-2.2L28.9 4.3c1.3-.5 2.3.3 1.9 2.2z\"\/><\/svg><\/span><span class=\"shariff-text\">teilen<\/span>&nbsp;<\/a><\/li><\/ul><\/div>","protected":false},"excerpt":{"rendered":"<p>TV-Beitrag \u00fcber die GSVBw 22 Elmlohe in \u201eHallo Niedersachsen\u201c auf NDR Zum bundesweiten \u201eTag des offenen Denkmals\u201c am 10. September 2017 strahlte der NDR in seinem TV-Magazin \u201eHallo Niedersachsen\u201c einen Beitrag aus einer unserer Vereinsanlagen, der GSVBw 22 Elmlohe, aus. Eine Zielsetzung des Denkmaltages ist es, in der \u00d6ffentlichkeit das Interesse f\u00fcr den Denkmalschutz zu &hellip; <\/p>\n<p class=\"link-more\"><a href=\"https:\/\/www.vorbei-ev.de\/wwwa\/2017\/10\/10\/vereinsaktivitaeten-im-september-2017-2\/\" class=\"more-link\"><span class=\"screen-reader-text\">\u201eVereinsaktivit\u00e4ten im September 2017\u201c <\/span>weiterlesen<\/a><\/p>\n","protected":false},"author":2,"featured_media":6832,"comment_status":"closed","ping_status":"open","sticky":false,"template":"","format":"image","meta":{"footnotes":""},"categories":[20],"tags":[],"class_list":["post-8763","post","type-post","status-publish","format-image","has-post-thumbnail","hentry","category-20","post_format-post-format-image"],"yoast_head":"<!-- This site is optimized with the Yoast SEO plugin v27.4 - https:\/\/yoast.com\/product\/yoast-seo-wordpress\/ -->\n<title>Vereinsaktivit\u00e4ten im September 2017 - Vorbei e.V.<\/title>\n<meta name=\"description\" content=\"Zum bundesweiten \u201eTag des offenen Denkmals\u201c am 10. September 2017 strahlte der NDR in seinem TV-Magazin \u201eHallo Niedersachsen\u201c einen Beitrag aus einer unserer Vereinsanlagen, der GSVBw 22 Elmlohe, aus. Eine Zielsetzung des Denkmaltages ist es, in der \u00d6ffentlichkeit das Interesse f\u00fcr den Denkmalschutz zu wecken. Auch auf die wichtige Bedeutung der Denkmalpflege soll dieser Tag aufmerksam machen. Die GSVBw 22 Elmlohe wurde auf unserem Antrag im September 2009 als Gruppe baulicher Anlagen (nach \u00a73 Abs. 3 NDSchG) in das Verzeichnis der Kulturdenkmale (Baudenkmale) aufgenommen. Als erstes Baudenkmal im Landkreis Cuxhaven wurde die GSVBw 22 mit der Denkmalschutzplakette ausgezeichnet. Somit ist die GSVBw 22 bestens f\u00fcr einen Beitrag anl\u00e4sslich des Denkmaltages geeignet!\" \/>\n<meta name=\"robots\" content=\"index, follow, max-snippet:-1, max-image-preview:large, max-video-preview:-1\" \/>\n<link rel=\"canonical\" href=\"https:\/\/www.vorbei-ev.de\/wwwa\/2017\/10\/10\/vereinsaktivitaeten-im-september-2017-2\/\" \/>\n<meta property=\"og:locale\" content=\"de_DE\" \/>\n<meta property=\"og:type\" content=\"article\" \/>\n<meta property=\"og:title\" content=\"Vereinsaktivit\u00e4ten im September 2017 - Vorbei e.V.\" \/>\n<meta property=\"og:description\" content=\"Zum bundesweiten \u201eTag des offenen Denkmals\u201c am 10. September 2017 strahlte der NDR in seinem TV-Magazin \u201eHallo Niedersachsen\u201c einen Beitrag aus einer unserer Vereinsanlagen, der GSVBw 22 Elmlohe, aus. Eine Zielsetzung des Denkmaltages ist es, in der \u00d6ffentlichkeit das Interesse f\u00fcr den Denkmalschutz zu wecken. Auch auf die wichtige Bedeutung der Denkmalpflege soll dieser Tag aufmerksam machen. Die GSVBw 22 Elmlohe wurde auf unserem Antrag im September 2009 als Gruppe baulicher Anlagen (nach \u00a73 Abs. 3 NDSchG) in das Verzeichnis der Kulturdenkmale (Baudenkmale) aufgenommen. Als erstes Baudenkmal im Landkreis Cuxhaven wurde die GSVBw 22 mit der Denkmalschutzplakette ausgezeichnet. Somit ist die GSVBw 22 bestens f\u00fcr einen Beitrag anl\u00e4sslich des Denkmaltages geeignet!\" \/>\n<meta property=\"og:url\" content=\"https:\/\/www.vorbei-ev.de\/wwwa\/2017\/10\/10\/vereinsaktivitaeten-im-september-2017-2\/\" \/>\n<meta property=\"og:site_name\" content=\"Vorbei e.V.\" \/>\n<meta property=\"article:publisher\" content=\"https:\/\/www.facebook.com\/groups\/107150626035606\/\" \/>\n<meta property=\"article:published_time\" content=\"2017-10-10T11:30:09+00:00\" \/>\n<meta property=\"article:modified_time\" content=\"2021-03-16T19:58:42+00:00\" \/>\n<meta property=\"og:image\" content=\"https:\/\/www.vorbei-ev.de\/wwwa\/wp-content\/uploads\/2017\/10\/bunker_gsvbw_image2017-09_18.jpg\" \/>\n\t<meta property=\"og:image:width\" content=\"800\" \/>\n\t<meta property=\"og:image:height\" content=\"456\" \/>\n\t<meta property=\"og:image:type\" content=\"image\/jpeg\" \/>\n<meta name=\"author\" content=\"Lars Knauer\" \/>\n<meta name=\"twitter:card\" content=\"summary_large_image\" \/>\n<meta name=\"twitter:image\" content=\"https:\/\/www.vorbei-ev.de\/wwwa\/wp-content\/uploads\/2017\/10\/bunker_gsvbw_image2017-09_18.jpg\" \/>\n<meta name=\"twitter:label1\" content=\"Verfasst von\" \/>\n\t<meta name=\"twitter:data1\" content=\"Lars Knauer\" \/>\n\t<meta name=\"twitter:label2\" content=\"Gesch\u00e4tzte Lesezeit\" \/>\n\t<meta name=\"twitter:data2\" content=\"5\u00a0Minuten\" \/>\n<script type=\"application\/ld+json\" class=\"yoast-schema-graph\">{\"@context\":\"https:\\\/\\\/schema.org\",\"@graph\":[{\"@type\":\"Article\",\"@id\":\"https:\\\/\\\/www.vorbei-ev.de\\\/wwwa\\\/2017\\\/10\\\/10\\\/vereinsaktivitaeten-im-september-2017-2\\\/#article\",\"isPartOf\":{\"@id\":\"https:\\\/\\\/www.vorbei-ev.de\\\/wwwa\\\/2017\\\/10\\\/10\\\/vereinsaktivitaeten-im-september-2017-2\\\/\"},\"author\":{\"name\":\"Lars Knauer\",\"@id\":\"https:\\\/\\\/www.vorbei-ev.de\\\/wwwa\\\/#\\\/schema\\\/person\\\/73a85b6f1e47d7e120f5469e01829e53\"},\"headline\":\"Vereinsaktivit\u00e4ten im September 2017\",\"datePublished\":\"2017-10-10T11:30:09+00:00\",\"dateModified\":\"2021-03-16T19:58:42+00:00\",\"mainEntityOfPage\":{\"@id\":\"https:\\\/\\\/www.vorbei-ev.de\\\/wwwa\\\/2017\\\/10\\\/10\\\/vereinsaktivitaeten-im-september-2017-2\\\/\"},\"wordCount\":581,\"publisher\":{\"@id\":\"https:\\\/\\\/www.vorbei-ev.de\\\/wwwa\\\/#organization\"},\"image\":{\"@id\":\"https:\\\/\\\/www.vorbei-ev.de\\\/wwwa\\\/2017\\\/10\\\/10\\\/vereinsaktivitaeten-im-september-2017-2\\\/#primaryimage\"},\"thumbnailUrl\":\"https:\\\/\\\/www.vorbei-ev.de\\\/wwwa\\\/wp-content\\\/uploads\\\/2017\\\/10\\\/bunker_gsvbw_image2017-09_18.jpg\",\"articleSection\":[\"2017\"],\"inLanguage\":\"de\"},{\"@type\":\"WebPage\",\"@id\":\"https:\\\/\\\/www.vorbei-ev.de\\\/wwwa\\\/2017\\\/10\\\/10\\\/vereinsaktivitaeten-im-september-2017-2\\\/\",\"url\":\"https:\\\/\\\/www.vorbei-ev.de\\\/wwwa\\\/2017\\\/10\\\/10\\\/vereinsaktivitaeten-im-september-2017-2\\\/\",\"name\":\"Vereinsaktivit\u00e4ten im September 2017 - Vorbei e.V.\",\"isPartOf\":{\"@id\":\"https:\\\/\\\/www.vorbei-ev.de\\\/wwwa\\\/#website\"},\"primaryImageOfPage\":{\"@id\":\"https:\\\/\\\/www.vorbei-ev.de\\\/wwwa\\\/2017\\\/10\\\/10\\\/vereinsaktivitaeten-im-september-2017-2\\\/#primaryimage\"},\"image\":{\"@id\":\"https:\\\/\\\/www.vorbei-ev.de\\\/wwwa\\\/2017\\\/10\\\/10\\\/vereinsaktivitaeten-im-september-2017-2\\\/#primaryimage\"},\"thumbnailUrl\":\"https:\\\/\\\/www.vorbei-ev.de\\\/wwwa\\\/wp-content\\\/uploads\\\/2017\\\/10\\\/bunker_gsvbw_image2017-09_18.jpg\",\"datePublished\":\"2017-10-10T11:30:09+00:00\",\"dateModified\":\"2021-03-16T19:58:42+00:00\",\"description\":\"Zum bundesweiten \u201eTag des offenen Denkmals\u201c am 10. September 2017 strahlte der NDR in seinem TV-Magazin \u201eHallo Niedersachsen\u201c einen Beitrag aus einer unserer Vereinsanlagen, der GSVBw 22 Elmlohe, aus. Eine Zielsetzung des Denkmaltages ist es, in der \u00d6ffentlichkeit das Interesse f\u00fcr den Denkmalschutz zu wecken. Auch auf die wichtige Bedeutung der Denkmalpflege soll dieser Tag aufmerksam machen. Die GSVBw 22 Elmlohe wurde auf unserem Antrag im September 2009 als Gruppe baulicher Anlagen (nach \u00a73 Abs. 3 NDSchG) in das Verzeichnis der Kulturdenkmale (Baudenkmale) aufgenommen. Als erstes Baudenkmal im Landkreis Cuxhaven wurde die GSVBw 22 mit der Denkmalschutzplakette ausgezeichnet. Somit ist die GSVBw 22 bestens f\u00fcr einen Beitrag anl\u00e4sslich des Denkmaltages geeignet!\",\"breadcrumb\":{\"@id\":\"https:\\\/\\\/www.vorbei-ev.de\\\/wwwa\\\/2017\\\/10\\\/10\\\/vereinsaktivitaeten-im-september-2017-2\\\/#breadcrumb\"},\"inLanguage\":\"de\",\"potentialAction\":[{\"@type\":\"ReadAction\",\"target\":[\"https:\\\/\\\/www.vorbei-ev.de\\\/wwwa\\\/2017\\\/10\\\/10\\\/vereinsaktivitaeten-im-september-2017-2\\\/\"]}]},{\"@type\":\"ImageObject\",\"inLanguage\":\"de\",\"@id\":\"https:\\\/\\\/www.vorbei-ev.de\\\/wwwa\\\/2017\\\/10\\\/10\\\/vereinsaktivitaeten-im-september-2017-2\\\/#primaryimage\",\"url\":\"https:\\\/\\\/www.vorbei-ev.de\\\/wwwa\\\/wp-content\\\/uploads\\\/2017\\\/10\\\/bunker_gsvbw_image2017-09_18.jpg\",\"contentUrl\":\"https:\\\/\\\/www.vorbei-ev.de\\\/wwwa\\\/wp-content\\\/uploads\\\/2017\\\/10\\\/bunker_gsvbw_image2017-09_18.jpg\",\"width\":800,\"height\":456},{\"@type\":\"BreadcrumbList\",\"@id\":\"https:\\\/\\\/www.vorbei-ev.de\\\/wwwa\\\/2017\\\/10\\\/10\\\/vereinsaktivitaeten-im-september-2017-2\\\/#breadcrumb\",\"itemListElement\":[{\"@type\":\"ListItem\",\"position\":1,\"name\":\"Startseite\",\"item\":\"https:\\\/\\\/www.vorbei-ev.de\\\/wwwa\\\/\"},{\"@type\":\"ListItem\",\"position\":2,\"name\":\"Vereinsaktivit\u00e4ten im September 2017\"}]},{\"@type\":\"WebSite\",\"@id\":\"https:\\\/\\\/www.vorbei-ev.de\\\/wwwa\\\/#website\",\"url\":\"https:\\\/\\\/www.vorbei-ev.de\\\/wwwa\\\/\",\"name\":\"Vorbei e.V.\",\"description\":\"Dokumentation und Erhalt zeitgeschichtlicher Bauwerke\",\"publisher\":{\"@id\":\"https:\\\/\\\/www.vorbei-ev.de\\\/wwwa\\\/#organization\"},\"potentialAction\":[{\"@type\":\"SearchAction\",\"target\":{\"@type\":\"EntryPoint\",\"urlTemplate\":\"https:\\\/\\\/www.vorbei-ev.de\\\/wwwa\\\/?s={search_term_string}\"},\"query-input\":{\"@type\":\"PropertyValueSpecification\",\"valueRequired\":true,\"valueName\":\"search_term_string\"}}],\"inLanguage\":\"de\"},{\"@type\":\"Organization\",\"@id\":\"https:\\\/\\\/www.vorbei-ev.de\\\/wwwa\\\/#organization\",\"name\":\"Vorbei e.V.\",\"url\":\"https:\\\/\\\/www.vorbei-ev.de\\\/wwwa\\\/\",\"logo\":{\"@type\":\"ImageObject\",\"inLanguage\":\"de\",\"@id\":\"https:\\\/\\\/www.vorbei-ev.de\\\/wwwa\\\/#\\\/schema\\\/logo\\\/image\\\/\",\"url\":\"https:\\\/\\\/www.vorbei-ev.de\\\/wwwa\\\/wp-content\\\/uploads\\\/2017\\\/04\\\/Logo_schwarz_640px.png\",\"contentUrl\":\"https:\\\/\\\/www.vorbei-ev.de\\\/wwwa\\\/wp-content\\\/uploads\\\/2017\\\/04\\\/Logo_schwarz_640px.png\",\"width\":640,\"height\":120,\"caption\":\"Vorbei e.V.\"},\"image\":{\"@id\":\"https:\\\/\\\/www.vorbei-ev.de\\\/wwwa\\\/#\\\/schema\\\/logo\\\/image\\\/\"},\"sameAs\":[\"https:\\\/\\\/www.facebook.com\\\/groups\\\/107150626035606\\\/\"]},{\"@type\":\"Person\",\"@id\":\"https:\\\/\\\/www.vorbei-ev.de\\\/wwwa\\\/#\\\/schema\\\/person\\\/73a85b6f1e47d7e120f5469e01829e53\",\"name\":\"Lars Knauer\",\"image\":{\"@type\":\"ImageObject\",\"inLanguage\":\"de\",\"@id\":\"https:\\\/\\\/secure.gravatar.com\\\/avatar\\\/c136720ef8906c1f38a1bab0adc43160b1ccd6793f5abe75d6ea003e09b6c569?s=96&d=mm&r=g\",\"url\":\"https:\\\/\\\/secure.gravatar.com\\\/avatar\\\/c136720ef8906c1f38a1bab0adc43160b1ccd6793f5abe75d6ea003e09b6c569?s=96&d=mm&r=g\",\"contentUrl\":\"https:\\\/\\\/secure.gravatar.com\\\/avatar\\\/c136720ef8906c1f38a1bab0adc43160b1ccd6793f5abe75d6ea003e09b6c569?s=96&d=mm&r=g\",\"caption\":\"Lars Knauer\"},\"url\":\"https:\\\/\\\/www.vorbei-ev.de\\\/wwwa\\\/author\\\/lars\\\/\"}]}<\/script>\n<!-- \/ Yoast SEO plugin. -->","yoast_head_json":{"title":"Vereinsaktivit\u00e4ten im September 2017 - Vorbei e.V.","description":"Zum bundesweiten \u201eTag des offenen Denkmals\u201c am 10. September 2017 strahlte der NDR in seinem TV-Magazin \u201eHallo Niedersachsen\u201c einen Beitrag aus einer unserer Vereinsanlagen, der GSVBw 22 Elmlohe, aus. Eine Zielsetzung des Denkmaltages ist es, in der \u00d6ffentlichkeit das Interesse f\u00fcr den Denkmalschutz zu wecken. Auch auf die wichtige Bedeutung der Denkmalpflege soll dieser Tag aufmerksam machen. Die GSVBw 22 Elmlohe wurde auf unserem Antrag im September 2009 als Gruppe baulicher Anlagen (nach \u00a73 Abs. 3 NDSchG) in das Verzeichnis der Kulturdenkmale (Baudenkmale) aufgenommen. Als erstes Baudenkmal im Landkreis Cuxhaven wurde die GSVBw 22 mit der Denkmalschutzplakette ausgezeichnet. Somit ist die GSVBw 22 bestens f\u00fcr einen Beitrag anl\u00e4sslich des Denkmaltages geeignet!","robots":{"index":"index","follow":"follow","max-snippet":"max-snippet:-1","max-image-preview":"max-image-preview:large","max-video-preview":"max-video-preview:-1"},"canonical":"https:\/\/www.vorbei-ev.de\/wwwa\/2017\/10\/10\/vereinsaktivitaeten-im-september-2017-2\/","og_locale":"de_DE","og_type":"article","og_title":"Vereinsaktivit\u00e4ten im September 2017 - Vorbei e.V.","og_description":"Zum bundesweiten \u201eTag des offenen Denkmals\u201c am 10. September 2017 strahlte der NDR in seinem TV-Magazin \u201eHallo Niedersachsen\u201c einen Beitrag aus einer unserer Vereinsanlagen, der GSVBw 22 Elmlohe, aus. Eine Zielsetzung des Denkmaltages ist es, in der \u00d6ffentlichkeit das Interesse f\u00fcr den Denkmalschutz zu wecken. Auch auf die wichtige Bedeutung der Denkmalpflege soll dieser Tag aufmerksam machen. Die GSVBw 22 Elmlohe wurde auf unserem Antrag im September 2009 als Gruppe baulicher Anlagen (nach \u00a73 Abs. 3 NDSchG) in das Verzeichnis der Kulturdenkmale (Baudenkmale) aufgenommen. Als erstes Baudenkmal im Landkreis Cuxhaven wurde die GSVBw 22 mit der Denkmalschutzplakette ausgezeichnet. Somit ist die GSVBw 22 bestens f\u00fcr einen Beitrag anl\u00e4sslich des Denkmaltages geeignet!","og_url":"https:\/\/www.vorbei-ev.de\/wwwa\/2017\/10\/10\/vereinsaktivitaeten-im-september-2017-2\/","og_site_name":"Vorbei e.V.","article_publisher":"https:\/\/www.facebook.com\/groups\/107150626035606\/","article_published_time":"2017-10-10T11:30:09+00:00","article_modified_time":"2021-03-16T19:58:42+00:00","og_image":[{"width":800,"height":456,"url":"https:\/\/www.vorbei-ev.de\/wwwa\/wp-content\/uploads\/2017\/10\/bunker_gsvbw_image2017-09_18.jpg","type":"image\/jpeg"}],"author":"Lars Knauer","twitter_card":"summary_large_image","twitter_image":"https:\/\/www.vorbei-ev.de\/wwwa\/wp-content\/uploads\/2017\/10\/bunker_gsvbw_image2017-09_18.jpg","twitter_misc":{"Verfasst von":"Lars Knauer","Gesch\u00e4tzte Lesezeit":"5\u00a0Minuten"},"schema":{"@context":"https:\/\/schema.org","@graph":[{"@type":"Article","@id":"https:\/\/www.vorbei-ev.de\/wwwa\/2017\/10\/10\/vereinsaktivitaeten-im-september-2017-2\/#article","isPartOf":{"@id":"https:\/\/www.vorbei-ev.de\/wwwa\/2017\/10\/10\/vereinsaktivitaeten-im-september-2017-2\/"},"author":{"name":"Lars Knauer","@id":"https:\/\/www.vorbei-ev.de\/wwwa\/#\/schema\/person\/73a85b6f1e47d7e120f5469e01829e53"},"headline":"Vereinsaktivit\u00e4ten im September 2017","datePublished":"2017-10-10T11:30:09+00:00","dateModified":"2021-03-16T19:58:42+00:00","mainEntityOfPage":{"@id":"https:\/\/www.vorbei-ev.de\/wwwa\/2017\/10\/10\/vereinsaktivitaeten-im-september-2017-2\/"},"wordCount":581,"publisher":{"@id":"https:\/\/www.vorbei-ev.de\/wwwa\/#organization"},"image":{"@id":"https:\/\/www.vorbei-ev.de\/wwwa\/2017\/10\/10\/vereinsaktivitaeten-im-september-2017-2\/#primaryimage"},"thumbnailUrl":"https:\/\/www.vorbei-ev.de\/wwwa\/wp-content\/uploads\/2017\/10\/bunker_gsvbw_image2017-09_18.jpg","articleSection":["2017"],"inLanguage":"de"},{"@type":"WebPage","@id":"https:\/\/www.vorbei-ev.de\/wwwa\/2017\/10\/10\/vereinsaktivitaeten-im-september-2017-2\/","url":"https:\/\/www.vorbei-ev.de\/wwwa\/2017\/10\/10\/vereinsaktivitaeten-im-september-2017-2\/","name":"Vereinsaktivit\u00e4ten im September 2017 - Vorbei e.V.","isPartOf":{"@id":"https:\/\/www.vorbei-ev.de\/wwwa\/#website"},"primaryImageOfPage":{"@id":"https:\/\/www.vorbei-ev.de\/wwwa\/2017\/10\/10\/vereinsaktivitaeten-im-september-2017-2\/#primaryimage"},"image":{"@id":"https:\/\/www.vorbei-ev.de\/wwwa\/2017\/10\/10\/vereinsaktivitaeten-im-september-2017-2\/#primaryimage"},"thumbnailUrl":"https:\/\/www.vorbei-ev.de\/wwwa\/wp-content\/uploads\/2017\/10\/bunker_gsvbw_image2017-09_18.jpg","datePublished":"2017-10-10T11:30:09+00:00","dateModified":"2021-03-16T19:58:42+00:00","description":"Zum bundesweiten \u201eTag des offenen Denkmals\u201c am 10. September 2017 strahlte der NDR in seinem TV-Magazin \u201eHallo Niedersachsen\u201c einen Beitrag aus einer unserer Vereinsanlagen, der GSVBw 22 Elmlohe, aus. Eine Zielsetzung des Denkmaltages ist es, in der \u00d6ffentlichkeit das Interesse f\u00fcr den Denkmalschutz zu wecken. Auch auf die wichtige Bedeutung der Denkmalpflege soll dieser Tag aufmerksam machen. Die GSVBw 22 Elmlohe wurde auf unserem Antrag im September 2009 als Gruppe baulicher Anlagen (nach \u00a73 Abs. 3 NDSchG) in das Verzeichnis der Kulturdenkmale (Baudenkmale) aufgenommen. Als erstes Baudenkmal im Landkreis Cuxhaven wurde die GSVBw 22 mit der Denkmalschutzplakette ausgezeichnet. Somit ist die GSVBw 22 bestens f\u00fcr einen Beitrag anl\u00e4sslich des Denkmaltages geeignet!","breadcrumb":{"@id":"https:\/\/www.vorbei-ev.de\/wwwa\/2017\/10\/10\/vereinsaktivitaeten-im-september-2017-2\/#breadcrumb"},"inLanguage":"de","potentialAction":[{"@type":"ReadAction","target":["https:\/\/www.vorbei-ev.de\/wwwa\/2017\/10\/10\/vereinsaktivitaeten-im-september-2017-2\/"]}]},{"@type":"ImageObject","inLanguage":"de","@id":"https:\/\/www.vorbei-ev.de\/wwwa\/2017\/10\/10\/vereinsaktivitaeten-im-september-2017-2\/#primaryimage","url":"https:\/\/www.vorbei-ev.de\/wwwa\/wp-content\/uploads\/2017\/10\/bunker_gsvbw_image2017-09_18.jpg","contentUrl":"https:\/\/www.vorbei-ev.de\/wwwa\/wp-content\/uploads\/2017\/10\/bunker_gsvbw_image2017-09_18.jpg","width":800,"height":456},{"@type":"BreadcrumbList","@id":"https:\/\/www.vorbei-ev.de\/wwwa\/2017\/10\/10\/vereinsaktivitaeten-im-september-2017-2\/#breadcrumb","itemListElement":[{"@type":"ListItem","position":1,"name":"Startseite","item":"https:\/\/www.vorbei-ev.de\/wwwa\/"},{"@type":"ListItem","position":2,"name":"Vereinsaktivit\u00e4ten im September 2017"}]},{"@type":"WebSite","@id":"https:\/\/www.vorbei-ev.de\/wwwa\/#website","url":"https:\/\/www.vorbei-ev.de\/wwwa\/","name":"Vorbei e.V.","description":"Dokumentation und Erhalt zeitgeschichtlicher Bauwerke","publisher":{"@id":"https:\/\/www.vorbei-ev.de\/wwwa\/#organization"},"potentialAction":[{"@type":"SearchAction","target":{"@type":"EntryPoint","urlTemplate":"https:\/\/www.vorbei-ev.de\/wwwa\/?s={search_term_string}"},"query-input":{"@type":"PropertyValueSpecification","valueRequired":true,"valueName":"search_term_string"}}],"inLanguage":"de"},{"@type":"Organization","@id":"https:\/\/www.vorbei-ev.de\/wwwa\/#organization","name":"Vorbei e.V.","url":"https:\/\/www.vorbei-ev.de\/wwwa\/","logo":{"@type":"ImageObject","inLanguage":"de","@id":"https:\/\/www.vorbei-ev.de\/wwwa\/#\/schema\/logo\/image\/","url":"https:\/\/www.vorbei-ev.de\/wwwa\/wp-content\/uploads\/2017\/04\/Logo_schwarz_640px.png","contentUrl":"https:\/\/www.vorbei-ev.de\/wwwa\/wp-content\/uploads\/2017\/04\/Logo_schwarz_640px.png","width":640,"height":120,"caption":"Vorbei e.V."},"image":{"@id":"https:\/\/www.vorbei-ev.de\/wwwa\/#\/schema\/logo\/image\/"},"sameAs":["https:\/\/www.facebook.com\/groups\/107150626035606\/"]},{"@type":"Person","@id":"https:\/\/www.vorbei-ev.de\/wwwa\/#\/schema\/person\/73a85b6f1e47d7e120f5469e01829e53","name":"Lars Knauer","image":{"@type":"ImageObject","inLanguage":"de","@id":"https:\/\/secure.gravatar.com\/avatar\/c136720ef8906c1f38a1bab0adc43160b1ccd6793f5abe75d6ea003e09b6c569?s=96&d=mm&r=g","url":"https:\/\/secure.gravatar.com\/avatar\/c136720ef8906c1f38a1bab0adc43160b1ccd6793f5abe75d6ea003e09b6c569?s=96&d=mm&r=g","contentUrl":"https:\/\/secure.gravatar.com\/avatar\/c136720ef8906c1f38a1bab0adc43160b1ccd6793f5abe75d6ea003e09b6c569?s=96&d=mm&r=g","caption":"Lars Knauer"},"url":"https:\/\/www.vorbei-ev.de\/wwwa\/author\/lars\/"}]}},"_links":{"self":[{"href":"https:\/\/www.vorbei-ev.de\/wwwa\/wp-json\/wp\/v2\/posts\/8763","targetHints":{"allow":["GET"]}}],"collection":[{"href":"https:\/\/www.vorbei-ev.de\/wwwa\/wp-json\/wp\/v2\/posts"}],"about":[{"href":"https:\/\/www.vorbei-ev.de\/wwwa\/wp-json\/wp\/v2\/types\/post"}],"author":[{"embeddable":true,"href":"https:\/\/www.vorbei-ev.de\/wwwa\/wp-json\/wp\/v2\/users\/2"}],"replies":[{"embeddable":true,"href":"https:\/\/www.vorbei-ev.de\/wwwa\/wp-json\/wp\/v2\/comments?post=8763"}],"version-history":[{"count":2,"href":"https:\/\/www.vorbei-ev.de\/wwwa\/wp-json\/wp\/v2\/posts\/8763\/revisions"}],"predecessor-version":[{"id":8943,"href":"https:\/\/www.vorbei-ev.de\/wwwa\/wp-json\/wp\/v2\/posts\/8763\/revisions\/8943"}],"wp:featuredmedia":[{"embeddable":true,"href":"https:\/\/www.vorbei-ev.de\/wwwa\/wp-json\/wp\/v2\/media\/6832"}],"wp:attachment":[{"href":"https:\/\/www.vorbei-ev.de\/wwwa\/wp-json\/wp\/v2\/media?parent=8763"}],"wp:term":[{"taxonomy":"category","embeddable":true,"href":"https:\/\/www.vorbei-ev.de\/wwwa\/wp-json\/wp\/v2\/categories?post=8763"},{"taxonomy":"post_tag","embeddable":true,"href":"https:\/\/www.vorbei-ev.de\/wwwa\/wp-json\/wp\/v2\/tags?post=8763"}],"curies":[{"name":"wp","href":"https:\/\/api.w.org\/{rel}","templated":true}]}}