{"id":8487,"date":"2008-10-10T12:00:05","date_gmt":"2008-10-10T10:00:05","guid":{"rendered":"http:\/\/www.vorbei-ev.de\/wwwa\/?p=8487"},"modified":"2021-02-28T20:58:52","modified_gmt":"2021-02-28T19:58:52","slug":"vereinsaktivitaeten-im-september-2008","status":"publish","type":"post","link":"https:\/\/www.vorbei-ev.de\/wwwa\/2008\/10\/10\/vereinsaktivitaeten-im-september-2008\/","title":{"rendered":"Vereinsaktivit\u00e4ten im September 2008"},"content":{"rendered":"<p>Zur Erg\u00e4nzung unserer August-Aktivit\u00e4ten m\u00f6chten wir noch einen kleinen Reisebericht nachreichen. Ein Vereinsmitglied reiste aus dem Saarland nach Berlin, um sich ein Bild \u00fcber die dortigen Museumsaktivit\u00e4ten zu machen. Im Hinblick auf unsere eigenen Pl\u00e4ne in dieser Angelegenheit haben wir uns angeschaut, wie andere Vereine mit der Thematik umgehen. An dieser Stelle m\u00f6chten wir uns deshalb besonders bei dem Verein \u201e<a href=\"http:\/\/www.berliner-unterwelten.de\/\" target=\"_blank\" rel=\"noopener noreferrer\">Berliner Unterwelten e.V.<\/a>\u201c f\u00fcr die Unterst\u00fctzung bedanken.<\/p>\n<p>In der letzten August Woche reiste ein Vereinsmitglied nach Berlin. Auf dem Plan stand die Besichtigung des <a href=\"http:\/\/www.bunker5001.com\/\" target=\"_blank\" rel=\"noopener noreferrer\">Bunkers 5001 (Honecker-Bunker)<\/a>, der Ende des Jahres verschlossen werden soll, und diverse Touren der <a href=\"http:\/\/www.berliner-unterwelten.de\/\" target=\"_blank\" rel=\"noopener noreferrer\">Berliner Unterwelten<\/a>. Ungeplant kam \u2013 auf Grund eines Tipps w\u00e4hrend der Besichtigung des Honecker-Bunkers \u2013 der <a href=\"http:\/\/www.bunker-wollenberg.de\/\" target=\"_blank\" rel=\"noopener noreferrer\">Bunker-Wollenberg<\/a> hinzu.<\/p>\n<p>Am ersten Tag stand <a href=\"http:\/\/berliner-unterwelten.de\/tour-1.13.0.html\" target=\"_blank\" rel=\"noopener noreferrer\">Tour 1 &#8211; \u201eDunkle Welten\u201c<\/a> auf dem Besichtigungsplan. Diese Tour f\u00fchrt hinter die T\u00fcren der U-Bahn Station \u201eGesundbrunnen\u201c. Urspr\u00fcnglich waren die R\u00e4ume als Versorgungsr\u00e4ume f\u00fcr die Berliner Verkehrsbetriebe gedacht, wurden aber im 2. Weltkrieg trotz ungen\u00fcgender Deckenst\u00e4rke zum Luftschutzbau erkl\u00e4rt.<\/p>\n<p>Anschlie\u00dfend an die Tour gab es eine Sonderrunde, betreut durch einen Zeitzeugen, zur fotografischen Dokumentation der Anlage \u2013 die Genehmigung hierzu wurde im Vorfeld auf Antrag von dem Verein \u201e<a href=\"http:\/\/www.berliner-unterwelten.de\/\" target=\"_blank\" rel=\"noopener noreferrer\">Berliner Unterwelten e.V.<\/a>\u201c freundlicherweise erteilt. Herr Schubbel konnte noch weitere interessante Geschichten vom Leben im Luftschutzbau erz\u00e4hlen.<\/p>\n<figure id=\"attachment_4941\" aria-describedby=\"caption-attachment-4941\" style=\"width: 536px\" class=\"wp-caption aligncenter\"><img loading=\"lazy\" decoding=\"async\" class=\"wp-image-4941 size-full\" src=\"https:\/\/www.vorbei-ev.de\/wwwa\/wp-content\/uploads\/2017\/05\/Tour1-1-800.jpg\" alt=\"\" width=\"536\" height=\"800\" srcset=\"https:\/\/www.vorbei-ev.de\/wwwa\/wp-content\/uploads\/2017\/05\/Tour1-1-800.jpg 536w, https:\/\/www.vorbei-ev.de\/wwwa\/wp-content\/uploads\/2017\/05\/Tour1-1-800-268x400.jpg 268w\" sizes=\"auto, (max-width: 536px) 100vw, 536px\" \/><figcaption id=\"caption-attachment-4941\" class=\"wp-caption-text\">In der Luftschutzanlage &#8222;Berliner Unterwelten-Museum&#8220;.<\/figcaption><\/figure>\n<figure id=\"attachment_4942\" aria-describedby=\"caption-attachment-4942\" style=\"width: 522px\" class=\"wp-caption aligncenter\"><img loading=\"lazy\" decoding=\"async\" class=\"wp-image-4942 size-full\" src=\"https:\/\/www.vorbei-ev.de\/wwwa\/wp-content\/uploads\/2017\/05\/Tour1-2-800.jpg\" alt=\"\" width=\"522\" height=\"800\" srcset=\"https:\/\/www.vorbei-ev.de\/wwwa\/wp-content\/uploads\/2017\/05\/Tour1-2-800.jpg 522w, https:\/\/www.vorbei-ev.de\/wwwa\/wp-content\/uploads\/2017\/05\/Tour1-2-800-261x400.jpg 261w\" sizes=\"auto, (max-width: 522px) 100vw, 522px\" \/><figcaption id=\"caption-attachment-4942\" class=\"wp-caption-text\">Handbedienung eines Luftschutzraum-Bel\u00fcfters.<\/figcaption><\/figure>\n<p>&nbsp;<\/p>\n<p>Da der Tag noch jung war wurde kurzentschlossen noch die <a href=\"http:\/\/berliner-unterwelten.de\/ausstellung-germania.657.0.html\" target=\"_blank\" rel=\"noopener noreferrer\">\u201eGermania\u201c-Ausstellung<\/a> der <a href=\"http:\/\/www.berliner-unterwelten.de\/\" target=\"_blank\" rel=\"noopener noreferrer\">Berliner Unterwelten<\/a> besucht. Hier wurde in musealem Ambiente auf vielen Tafeln \u00fcber die geschichtlichen Hintergr\u00fcnde und Planungen zum Bau von \u201eGermania\u201c informiert; ein riesiges Modell veranschaulichte die Anordnung und Dimensionen dieses gigantischen Vorhabens.<\/p>\n<figure id=\"attachment_4866\" aria-describedby=\"caption-attachment-4866\" style=\"width: 800px\" class=\"wp-caption aligncenter\"><img loading=\"lazy\" decoding=\"async\" class=\"wp-image-4866 size-full\" src=\"https:\/\/www.vorbei-ev.de\/wwwa\/wp-content\/uploads\/2017\/05\/Germania-800.jpg\" alt=\"\" width=\"800\" height=\"520\" srcset=\"https:\/\/www.vorbei-ev.de\/wwwa\/wp-content\/uploads\/2017\/05\/Germania-800.jpg 800w, https:\/\/www.vorbei-ev.de\/wwwa\/wp-content\/uploads\/2017\/05\/Germania-800-400x260.jpg 400w, https:\/\/www.vorbei-ev.de\/wwwa\/wp-content\/uploads\/2017\/05\/Germania-800-768x499.jpg 768w\" sizes=\"auto, (max-width: 706px) 89vw, (max-width: 767px) 82vw, 740px\" \/><figcaption id=\"caption-attachment-4866\" class=\"wp-caption-text\">Germania-Ausstellung des Berliner Unterwelten e.V.<\/figcaption><\/figure>\n<p>&nbsp;<\/p>\n<p>Am n\u00e4chsten Tag war der Termin f\u00fcr die Begehung des Objekts 17\/5001, des Honecker Bunkers. Da man ja viel sehen m\u00f6chte, wenn man soweit anreist, war im Vorfeld die \u201eTough Guys\u201c Tour gebucht worden. Diese Tour f\u00fchrte vier Stunden lang durch den Bunker. Dank der sehr engagierten F\u00fchrung von Herrn Hensel konnte man einerseits viel Wissenswertes \u00fcber das Bauwerk erfahren und andererseits auch fast alle noch so schwer zu erreichenden Ecken dieses gigantischen Bauwerkes erkunden. Schier unz\u00e4hlige Fotos konnten f\u00fcr private Zwecke angefertigt werden.<\/p>\n<figure id=\"attachment_4848\" aria-describedby=\"caption-attachment-4848\" style=\"width: 800px\" class=\"wp-caption aligncenter\"><img loading=\"lazy\" decoding=\"async\" class=\"wp-image-4848 size-full\" src=\"https:\/\/www.vorbei-ev.de\/wwwa\/wp-content\/uploads\/2017\/05\/5001-1-800.jpg\" alt=\"\" width=\"800\" height=\"536\" srcset=\"https:\/\/www.vorbei-ev.de\/wwwa\/wp-content\/uploads\/2017\/05\/5001-1-800.jpg 800w, https:\/\/www.vorbei-ev.de\/wwwa\/wp-content\/uploads\/2017\/05\/5001-1-800-400x268.jpg 400w, https:\/\/www.vorbei-ev.de\/wwwa\/wp-content\/uploads\/2017\/05\/5001-1-800-768x515.jpg 768w\" sizes=\"auto, (max-width: 706px) 89vw, (max-width: 767px) 82vw, 740px\" \/><figcaption id=\"caption-attachment-4848\" class=\"wp-caption-text\">Abstieg zum Zugangstunnel.<\/figcaption><\/figure>\n<figure id=\"attachment_4849\" aria-describedby=\"caption-attachment-4849\" style=\"width: 800px\" class=\"wp-caption aligncenter\"><img loading=\"lazy\" decoding=\"async\" class=\"wp-image-4849 size-full\" src=\"https:\/\/www.vorbei-ev.de\/wwwa\/wp-content\/uploads\/2017\/05\/5001-2-800.jpg\" alt=\"\" width=\"800\" height=\"536\" srcset=\"https:\/\/www.vorbei-ev.de\/wwwa\/wp-content\/uploads\/2017\/05\/5001-2-800.jpg 800w, https:\/\/www.vorbei-ev.de\/wwwa\/wp-content\/uploads\/2017\/05\/5001-2-800-400x268.jpg 400w, https:\/\/www.vorbei-ev.de\/wwwa\/wp-content\/uploads\/2017\/05\/5001-2-800-768x515.jpg 768w\" sizes=\"auto, (max-width: 706px) 89vw, (max-width: 767px) 82vw, 740px\" \/><figcaption id=\"caption-attachment-4849\" class=\"wp-caption-text\">Dispatcher-Raum.<\/figcaption><\/figure>\n<figure id=\"attachment_4850\" aria-describedby=\"caption-attachment-4850\" style=\"width: 538px\" class=\"wp-caption aligncenter\"><img loading=\"lazy\" decoding=\"async\" class=\"wp-image-4850 size-full\" src=\"https:\/\/www.vorbei-ev.de\/wwwa\/wp-content\/uploads\/2017\/05\/5001-3-800.jpg\" alt=\"\" width=\"538\" height=\"800\" srcset=\"https:\/\/www.vorbei-ev.de\/wwwa\/wp-content\/uploads\/2017\/05\/5001-3-800.jpg 538w, https:\/\/www.vorbei-ev.de\/wwwa\/wp-content\/uploads\/2017\/05\/5001-3-800-269x400.jpg 269w\" sizes=\"auto, (max-width: 538px) 100vw, 538px\" \/><figcaption id=\"caption-attachment-4850\" class=\"wp-caption-text\">Aufstieg aus der Drainage.<\/figcaption><\/figure>\n<figure id=\"attachment_4851\" aria-describedby=\"caption-attachment-4851\" style=\"width: 512px\" class=\"wp-caption aligncenter\"><img loading=\"lazy\" decoding=\"async\" class=\"wp-image-4851 size-full\" src=\"https:\/\/www.vorbei-ev.de\/wwwa\/wp-content\/uploads\/2017\/05\/5001-4-800.jpg\" alt=\"\" width=\"512\" height=\"800\" srcset=\"https:\/\/www.vorbei-ev.de\/wwwa\/wp-content\/uploads\/2017\/05\/5001-4-800.jpg 512w, https:\/\/www.vorbei-ev.de\/wwwa\/wp-content\/uploads\/2017\/05\/5001-4-800-256x400.jpg 256w\" sizes=\"auto, (max-width: 512px) 100vw, 512px\" \/><figcaption id=\"caption-attachment-4851\" class=\"wp-caption-text\">Tragwerk 4.<\/figcaption><\/figure>\n<p>&nbsp;<\/p>\n<p>Freitags standen wieder zwei Touren der <a href=\"http:\/\/www.berliner-unterwelten.de\/\" target=\"_blank\" rel=\"noopener noreferrer\">Berliner Unterwelten<\/a> auf dem Programm: <a href=\"http:\/\/berliner-unterwelten.de\/tour-2.14.0.html\" target=\"_blank\" rel=\"noopener noreferrer\">Tour 2 &#8211; \u201eVom Flakturm zum Tr\u00fcmmerberg\u201c<\/a> und <a href=\"http:\/\/berliner-unterwelten.de\/tour-3.15.0.html\" target=\"_blank\" rel=\"noopener noreferrer\">Tour 3 &#8211; \u201eU-Bahn, Bunker und Kalter Krieg\u201c<\/a>.<\/p>\n<p>Tour 2 fand komplett im Flakturm im Humboldthain statt. Durch einen vom Verein freigemachten Eingang des sonst verschlossenen Bauwerkes kommt man als Besucher im obersten Stock des Flakturms an. Auch hier erfuhr man wieder sowohl Wissenswertes \u00fcber den Bau und das Leben im Flakturm und verwandten Anlagen, als auch \u00fcber den Aufwand des Vereins <a href=\"http:\/\/www.berliner-unterwelten.de\/\" target=\"_blank\" rel=\"noopener noreferrer\">\u201eBerliner Unterwelten\u201c<\/a>, der n\u00f6tig war, um den Flakturm heute dem Publikum zeigen zu k\u00f6nnen. Hier sei nur erw\u00e4hnt, dass man versuchte die Treppe freizulegen, dies aber aufgeben und durch ein Provisorium ersetzen musste, da das auf dem Flakturm stehende Denkmal drohte in den Flakturm zu rutschen. Auch auf dieser Tour gab es nach der offiziellen F\u00fchrung noch kurz Gelegenheit, ein paar Fotos dieses sehr beeindruckenden Ortes zu machen.<\/p>\n<figure id=\"attachment_4943\" aria-describedby=\"caption-attachment-4943\" style=\"width: 536px\" class=\"wp-caption aligncenter\"><img loading=\"lazy\" decoding=\"async\" class=\"wp-image-4943 size-full\" src=\"https:\/\/www.vorbei-ev.de\/wwwa\/wp-content\/uploads\/2017\/05\/Tour2-1-800.jpg\" alt=\"\" width=\"536\" height=\"800\" srcset=\"https:\/\/www.vorbei-ev.de\/wwwa\/wp-content\/uploads\/2017\/05\/Tour2-1-800.jpg 536w, https:\/\/www.vorbei-ev.de\/wwwa\/wp-content\/uploads\/2017\/05\/Tour2-1-800-268x400.jpg 268w\" sizes=\"auto, (max-width: 536px) 100vw, 536px\" \/><figcaption id=\"caption-attachment-4943\" class=\"wp-caption-text\">Eingang zum Flakbunker.<\/figcaption><\/figure>\n<figure id=\"attachment_4944\" aria-describedby=\"caption-attachment-4944\" style=\"width: 800px\" class=\"wp-caption aligncenter\"><img loading=\"lazy\" decoding=\"async\" class=\"wp-image-4944 size-full\" src=\"https:\/\/www.vorbei-ev.de\/wwwa\/wp-content\/uploads\/2017\/05\/Tour2-2-800.jpg\" alt=\"\" width=\"800\" height=\"536\" srcset=\"https:\/\/www.vorbei-ev.de\/wwwa\/wp-content\/uploads\/2017\/05\/Tour2-2-800.jpg 800w, https:\/\/www.vorbei-ev.de\/wwwa\/wp-content\/uploads\/2017\/05\/Tour2-2-800-400x268.jpg 400w, https:\/\/www.vorbei-ev.de\/wwwa\/wp-content\/uploads\/2017\/05\/Tour2-2-800-768x515.jpg 768w\" sizes=\"auto, (max-width: 706px) 89vw, (max-width: 767px) 82vw, 740px\" \/><figcaption id=\"caption-attachment-4944\" class=\"wp-caption-text\">Im Obergeschoss des Flakbunkers.<\/figcaption><\/figure>\n<figure id=\"attachment_4945\" aria-describedby=\"caption-attachment-4945\" style=\"width: 800px\" class=\"wp-caption aligncenter\"><img loading=\"lazy\" decoding=\"async\" class=\"wp-image-4945 size-full\" src=\"https:\/\/www.vorbei-ev.de\/wwwa\/wp-content\/uploads\/2017\/05\/Tour2-3-800.jpg\" alt=\"\" width=\"800\" height=\"492\" srcset=\"https:\/\/www.vorbei-ev.de\/wwwa\/wp-content\/uploads\/2017\/05\/Tour2-3-800.jpg 800w, https:\/\/www.vorbei-ev.de\/wwwa\/wp-content\/uploads\/2017\/05\/Tour2-3-800-400x246.jpg 400w, https:\/\/www.vorbei-ev.de\/wwwa\/wp-content\/uploads\/2017\/05\/Tour2-3-800-768x472.jpg 768w\" sizes=\"auto, (max-width: 706px) 89vw, (max-width: 767px) 82vw, 740px\" \/><figcaption id=\"caption-attachment-4945\" class=\"wp-caption-text\">Teilweise eingest\u00fcrzte Decke im Flakbunker.<\/figcaption><\/figure>\n<p>&nbsp;<\/p>\n<p>Tour 3 bestach vor allem durch Herrn Wohlfahrt\u2019s \u201eleicht\u201c sarkastische Darstellung des Luftschutzsystems gestern und heute. Selten wurde die abstruse Notfallplanung so treffend auf den Punkt gebracht. Die Tour f\u00fchrte durch die R\u00e4ume eines Bunkers unter einer vielbefahrenen Stra\u00dfe und beinhaltete auch eine U-Bahn-Fahrt zu einer speziellen U-Bahn-Station, die vorbereitet war, in Kriegszeiten als Luftschutzanlage zu dienen.<\/p>\n<figure id=\"attachment_4946\" aria-describedby=\"caption-attachment-4946\" style=\"width: 800px\" class=\"wp-caption aligncenter\"><img loading=\"lazy\" decoding=\"async\" class=\"wp-image-4946 size-full\" src=\"https:\/\/www.vorbei-ev.de\/wwwa\/wp-content\/uploads\/2017\/05\/Tour3-1-800.jpg\" alt=\"\" width=\"800\" height=\"573\" srcset=\"https:\/\/www.vorbei-ev.de\/wwwa\/wp-content\/uploads\/2017\/05\/Tour3-1-800.jpg 800w, https:\/\/www.vorbei-ev.de\/wwwa\/wp-content\/uploads\/2017\/05\/Tour3-1-800-400x287.jpg 400w, https:\/\/www.vorbei-ev.de\/wwwa\/wp-content\/uploads\/2017\/05\/Tour3-1-800-768x550.jpg 768w\" sizes=\"auto, (max-width: 706px) 89vw, (max-width: 767px) 82vw, 740px\" \/><figcaption id=\"caption-attachment-4946\" class=\"wp-caption-text\">Schutzanz\u00fcge vor dem Notausgang eines Tiefbunkers.<\/figcaption><\/figure>\n<figure id=\"attachment_4947\" aria-describedby=\"caption-attachment-4947\" style=\"width: 800px\" class=\"wp-caption aligncenter\"><img loading=\"lazy\" decoding=\"async\" class=\"wp-image-4947 size-full\" src=\"https:\/\/www.vorbei-ev.de\/wwwa\/wp-content\/uploads\/2017\/05\/Tour3-2-800.jpg\" alt=\"\" width=\"800\" height=\"536\" srcset=\"https:\/\/www.vorbei-ev.de\/wwwa\/wp-content\/uploads\/2017\/05\/Tour3-2-800.jpg 800w, https:\/\/www.vorbei-ev.de\/wwwa\/wp-content\/uploads\/2017\/05\/Tour3-2-800-400x268.jpg 400w, https:\/\/www.vorbei-ev.de\/wwwa\/wp-content\/uploads\/2017\/05\/Tour3-2-800-768x515.jpg 768w\" sizes=\"auto, (max-width: 706px) 89vw, (max-width: 767px) 82vw, 740px\" \/><figcaption id=\"caption-attachment-4947\" class=\"wp-caption-text\">Bettenraum in der Luftschutzanlage einer U-Bahnstation.<\/figcaption><\/figure>\n<p>&nbsp;<\/p>\n<p>Am letzten Tag wurde <a href=\"http:\/\/berliner-unterwelten.de\/tour-4.16.0.html\" target=\"_blank\" rel=\"noopener noreferrer\">Tour 4 &#8211; \u201eFaszination Rohrpost\u201c<\/a> besucht. Schon auf einer der anderen Touren der <a href=\"http:\/\/www.berliner-unterwelten.de\/\" target=\"_blank\" rel=\"noopener noreferrer\">Berliner Unterwelten<\/a> wurde erw\u00e4hnt, dass das Geb\u00e4ude, in dem sich die Reste der Rohrpostanlage befinden, leider verkauft wurde und noch unklar ist, wie der neue Besitzer zu einer Weiternutzung der betreffenden drei R\u00e4ume f\u00fcr F\u00fchrungen steht. Aus diesem Grund nahm sich das Vereinsmitglied schon vor, die bestehende Fotografiererlaubnis besonders ausgiebig zu nutzen; sie stellte sich allerdings hier als \u00fcberfl\u00fcssig heraus: ein sichtlich \u00fcber die ungewisse Lage gefrusteter Herr Arnold erteilte allen Besuchern die Erlaubnis wild drauflos zu fotografieren \u2013 wohl in der Hoffnung, dass die Anlage dokumentiert bzw. die drohende Vernichtung publik gemacht wird.<\/p>\n<figure id=\"attachment_4948\" aria-describedby=\"caption-attachment-4948\" style=\"width: 800px\" class=\"wp-caption aligncenter\"><img loading=\"lazy\" decoding=\"async\" class=\"wp-image-4948 size-full\" src=\"https:\/\/www.vorbei-ev.de\/wwwa\/wp-content\/uploads\/2017\/05\/Tour4-1-800.jpg\" alt=\"\" width=\"800\" height=\"536\" srcset=\"https:\/\/www.vorbei-ev.de\/wwwa\/wp-content\/uploads\/2017\/05\/Tour4-1-800.jpg 800w, https:\/\/www.vorbei-ev.de\/wwwa\/wp-content\/uploads\/2017\/05\/Tour4-1-800-400x268.jpg 400w, https:\/\/www.vorbei-ev.de\/wwwa\/wp-content\/uploads\/2017\/05\/Tour4-1-800-768x515.jpg 768w\" sizes=\"auto, (max-width: 706px) 89vw, (max-width: 767px) 82vw, 740px\" \/><figcaption id=\"caption-attachment-4948\" class=\"wp-caption-text\">Sende- und Empfangsapparate der Rohrpost.<\/figcaption><\/figure>\n<figure id=\"attachment_4949\" aria-describedby=\"caption-attachment-4949\" style=\"width: 800px\" class=\"wp-caption aligncenter\"><img loading=\"lazy\" decoding=\"async\" class=\"wp-image-4949 size-full\" src=\"https:\/\/www.vorbei-ev.de\/wwwa\/wp-content\/uploads\/2017\/05\/Tour4-2-800.jpg\" alt=\"\" width=\"800\" height=\"523\" srcset=\"https:\/\/www.vorbei-ev.de\/wwwa\/wp-content\/uploads\/2017\/05\/Tour4-2-800.jpg 800w, https:\/\/www.vorbei-ev.de\/wwwa\/wp-content\/uploads\/2017\/05\/Tour4-2-800-400x262.jpg 400w, https:\/\/www.vorbei-ev.de\/wwwa\/wp-content\/uploads\/2017\/05\/Tour4-2-800-768x502.jpg 768w\" sizes=\"auto, (max-width: 706px) 89vw, (max-width: 767px) 82vw, 740px\" \/><figcaption id=\"caption-attachment-4949\" class=\"wp-caption-text\">Fahrrohre der Rohrpost.<\/figcaption><\/figure>\n<p>&nbsp;<\/p>\n<p>Auf dem Heimweg wurde au\u00dferplanm\u00e4\u00dfig der Bunker Wollenberg besichtigt. Auch hier stie\u00df man auf sehr engagierte Vereinsmitglieder, die mit viel Flei\u00df und Liebe zum Detail eine umfangreiche Sammlung aufgebaut haben. Besonders Fahrzeugfans kommen hier auf ihre Kosten, was nat\u00fcrlich den Erlebniswert der vollst\u00e4ndig begehbaren, gro\u00dfen Bunkeranlage nicht schm\u00e4lern sollte.<\/p>\n<p>R\u00fcckblickend waren es sehr interessante Tage, die Berlin auch einmal aus ungewohnter Perspektive zeigten und sehr interessante Einblicke in vergangene Zeiten gaben sowie den Irrglauben an einen Schutz der Bev\u00f6lkerung zu Zeiten des Kalten Krieges hautnah vermittelten.<br \/>\nHerzlichen Dank auf diesem Wege an den Verein <a href=\"http:\/\/www.berliner-unterwelten.de\/\" target=\"_blank\" rel=\"noopener noreferrer\">\u201eBerliner Unterwelten e.V.\u201c<\/a> f\u00fcr die freundliche Betreuung und die Fotoerlaubnis! Die Mitglieder des Vereins sind sehr engagiert, die Vortr\u00e4ge bei den einzelnen Touren vermitteln sehr gut die Vorstellung, wie es fr\u00fcher dort war, was auch durch die gezeigten Einrichtungen und Exponate unterstrichen wird. Eine unbedingte Empfehlung f\u00fcr Berlin-Reisende!<\/p>\n<p>&nbsp;<\/p>\n<h1>Aber nun zu unseren September-Aktivit\u00e4ten:<\/h1>\n<p>In unserer Vereins-Anlage konnte nach tagelanger Suche ein technisches Problem erfolgreich gel\u00f6st werden: Die K\u00fchlwasserversorgung f\u00fcr das Diesel-Aggregat machte uns zu schaffen. Erst zerlegte sich eine Wellenkupplung der K\u00fchlwasser-Pumpe, dann stellte sich kein ausreichender Wasserdruck ein. Aufgrund der un\u00fcbersichtlichen Leitungsf\u00fchrung auf etwa 50 Metern Leitungsl\u00e4nge war die Suche nach dem Fehler nicht einfach. Schlie\u00dflich konnten wir einen verstopften Druckminderer als Ursache entdecken. Nach einer ausgiebigen und sehr nassen Reinigung dieses Teils funktioniert der Wasserumlauf wieder.<\/p>\n<p>Im st\u00e4ndig feuchten Bereich der <a href=\"https:\/\/www.vorbei-ev.de\/wwwa\/virtuelles-gsvbw-museum-grundriss-raum-50\/\" target=\"_blank\" rel=\"noopener noreferrer\">Eingangstreppe<\/a> wurden die letzten defekten Neonlampen repariert. Das Bauwerk ist nun wieder vollst\u00e4ndig beleuchtet.<\/p>\n<p>Der <a href=\"https:\/\/www.vorbei-ev.de\/wwwa\/virtuelles-gsvbw-museum-netzersatzanlage-nea\/\" target=\"_blank\" rel=\"noopener noreferrer\">Dieselmotor<\/a> wird grunds\u00e4tzlich mit einer Verlustk\u00fchlung genutzt. Das bedeutet, dass K\u00fchlwasser am W\u00e4rmetauscher vorbeistr\u00f6mt und danach in das au\u00dfen liegende <a href=\"https:\/\/www.vorbei-ev.de\/wwwa\/virtuelles-gsvbw-museum-objekt-r-rueckhaltebecken\/\" target=\"_blank\" rel=\"noopener noreferrer\">R\u00fcckhaltebecken<\/a> gepumpt wird. Im Rahmen eines Versuchs haben wir eine Umlaufk\u00fchlung improvisiert. Das K\u00fchlwassersystem besitzt einen Leitungsabgang, um im Notfall die Duschen im Dekontaminationsbereich mit Warmwasser zu versorgen. Diese Leitung wurde nun mittels Schlauch in den Zwischenbeh\u00e4lter im <a href=\"https:\/\/www.vorbei-ev.de\/wwwa\/virtuelles-gsvbw-museum-grundriss-raum-12n\/\" target=\"_blank\" rel=\"noopener noreferrer\">Brunnenraum<\/a> umgeleitet. Hintergrund: F\u00fcr die regelm\u00e4\u00dfigen Wartungsl\u00e4ufe des <a href=\"https:\/\/www.vorbei-ev.de\/wwwa\/virtuelles-gsvbw-museum-netzersatzanlage-nea\/\" target=\"_blank\" rel=\"noopener noreferrer\">Dieselmotors<\/a> muss nun nicht st\u00e4ndig neues Wasser gef\u00f6rdert werden. Das Schlauch-Provisorium soll kurzfristig durch eine versteckt gef\u00fchrte, feste Leitung ersetzt werden.<\/p>\n<p>Im Au\u00dfenbereich standen weitere Pflegearbeiten an. Neben dem Wartungsschacht des Bunkers wurde auch ein <a href=\"https:\/\/www.vorbei-ev.de\/wwwa\/virtuelles-gsvbw-museum-grundriss-raum-70-1\/\" target=\"_blank\" rel=\"noopener noreferrer\">Ringstand<\/a> ges\u00e4ubert. Eingedrungenes Laub hatte den Wasserabfluss verstopft, so dass es zu regelm\u00e4\u00dfigen \u00dcberschwemmungen kam.<\/p>\n<figure id=\"attachment_4872\" aria-describedby=\"caption-attachment-4872\" style=\"width: 800px\" class=\"wp-caption aligncenter\"><img loading=\"lazy\" decoding=\"async\" class=\"wp-image-4872 size-full\" src=\"https:\/\/www.vorbei-ev.de\/wwwa\/wp-content\/uploads\/2017\/05\/img_19.09.2008_00016.jpg\" alt=\"\" width=\"800\" height=\"535\" srcset=\"https:\/\/www.vorbei-ev.de\/wwwa\/wp-content\/uploads\/2017\/05\/img_19.09.2008_00016.jpg 800w, https:\/\/www.vorbei-ev.de\/wwwa\/wp-content\/uploads\/2017\/05\/img_19.09.2008_00016-400x268.jpg 400w, https:\/\/www.vorbei-ev.de\/wwwa\/wp-content\/uploads\/2017\/05\/img_19.09.2008_00016-768x514.jpg 768w\" sizes=\"auto, (max-width: 706px) 89vw, (max-width: 767px) 82vw, 740px\" \/><figcaption id=\"caption-attachment-4872\" class=\"wp-caption-text\">Arbeiten im oberen Bereich des <a href=\"https:\/\/www.vorbei-ev.de\/wwwa\/virtuelles-gsvbw-museum-grundriss-raum-38\/\" target=\"_blank\" rel=\"noopener noreferrer\">Transportschachtes, zugleich Notausstieg &#8222;A&#8220;<\/a>.<\/figcaption><\/figure>\n<figure id=\"attachment_4873\" aria-describedby=\"caption-attachment-4873\" style=\"width: 800px\" class=\"wp-caption aligncenter\"><img loading=\"lazy\" decoding=\"async\" class=\"wp-image-4873 size-full\" src=\"https:\/\/www.vorbei-ev.de\/wwwa\/wp-content\/uploads\/2017\/05\/img_19.09.2008_00058.jpg\" alt=\"\" width=\"800\" height=\"535\" srcset=\"https:\/\/www.vorbei-ev.de\/wwwa\/wp-content\/uploads\/2017\/05\/img_19.09.2008_00058.jpg 800w, https:\/\/www.vorbei-ev.de\/wwwa\/wp-content\/uploads\/2017\/05\/img_19.09.2008_00058-400x268.jpg 400w, https:\/\/www.vorbei-ev.de\/wwwa\/wp-content\/uploads\/2017\/05\/img_19.09.2008_00058-768x514.jpg 768w\" sizes=\"auto, (max-width: 706px) 89vw, (max-width: 767px) 82vw, 740px\" \/><figcaption id=\"caption-attachment-4873\" class=\"wp-caption-text\">Reinigungsarbeiten im <a href=\"https:\/\/www.vorbei-ev.de\/wwwa\/virtuelles-gsvbw-museum-grundriss-raum-70-1\/\" target=\"_blank\" rel=\"noopener noreferrer\">Ringstand<\/a>.<\/figcaption><\/figure>\n<figure id=\"attachment_4874\" aria-describedby=\"caption-attachment-4874\" style=\"width: 800px\" class=\"wp-caption aligncenter\"><img loading=\"lazy\" decoding=\"async\" class=\"wp-image-4874 size-full\" src=\"https:\/\/www.vorbei-ev.de\/wwwa\/wp-content\/uploads\/2017\/05\/img_19.09.2008_00097.jpg\" alt=\"\" width=\"800\" height=\"535\" srcset=\"https:\/\/www.vorbei-ev.de\/wwwa\/wp-content\/uploads\/2017\/05\/img_19.09.2008_00097.jpg 800w, https:\/\/www.vorbei-ev.de\/wwwa\/wp-content\/uploads\/2017\/05\/img_19.09.2008_00097-400x268.jpg 400w, https:\/\/www.vorbei-ev.de\/wwwa\/wp-content\/uploads\/2017\/05\/img_19.09.2008_00097-768x514.jpg 768w\" sizes=\"auto, (max-width: 706px) 89vw, (max-width: 767px) 82vw, 740px\" \/><figcaption id=\"caption-attachment-4874\" class=\"wp-caption-text\">Reparatur und Wiederinbetriebnahme der Leuchtstofflampen im Bereich der <a href=\"https:\/\/www.vorbei-ev.de\/wwwa\/virtuelles-gsvbw-museum-grundriss-raum-50\/\" target=\"_blank\" rel=\"noopener noreferrer\">Eingangstreppen<\/a>.<\/figcaption><\/figure>\n<figure id=\"attachment_4875\" aria-describedby=\"caption-attachment-4875\" style=\"width: 800px\" class=\"wp-caption aligncenter\"><img loading=\"lazy\" decoding=\"async\" class=\"wp-image-4875 size-full\" src=\"https:\/\/www.vorbei-ev.de\/wwwa\/wp-content\/uploads\/2017\/05\/img_19.09.2008_00134.jpg\" alt=\"\" width=\"800\" height=\"535\" srcset=\"https:\/\/www.vorbei-ev.de\/wwwa\/wp-content\/uploads\/2017\/05\/img_19.09.2008_00134.jpg 800w, https:\/\/www.vorbei-ev.de\/wwwa\/wp-content\/uploads\/2017\/05\/img_19.09.2008_00134-400x268.jpg 400w, https:\/\/www.vorbei-ev.de\/wwwa\/wp-content\/uploads\/2017\/05\/img_19.09.2008_00134-768x514.jpg 768w\" sizes=\"auto, (max-width: 706px) 89vw, (max-width: 767px) 82vw, 740px\" \/><figcaption id=\"caption-attachment-4875\" class=\"wp-caption-text\">Nachtr\u00e4glich installierte R\u00fccklaufleitung f\u00fcr K\u00fchlwasser aus dem \u00e4u\u00dferen K\u00fchlwasserkreislauf im Raum 20.<\/figcaption><\/figure>\n<figure id=\"attachment_4876\" aria-describedby=\"caption-attachment-4876\" style=\"width: 800px\" class=\"wp-caption aligncenter\"><img loading=\"lazy\" decoding=\"async\" class=\"wp-image-4876 size-full\" src=\"https:\/\/www.vorbei-ev.de\/wwwa\/wp-content\/uploads\/2017\/05\/img_19.09.2008_00152.jpg\" alt=\"\" width=\"800\" height=\"535\" srcset=\"https:\/\/www.vorbei-ev.de\/wwwa\/wp-content\/uploads\/2017\/05\/img_19.09.2008_00152.jpg 800w, https:\/\/www.vorbei-ev.de\/wwwa\/wp-content\/uploads\/2017\/05\/img_19.09.2008_00152-400x268.jpg 400w, https:\/\/www.vorbei-ev.de\/wwwa\/wp-content\/uploads\/2017\/05\/img_19.09.2008_00152-768x514.jpg 768w\" sizes=\"auto, (max-width: 706px) 89vw, (max-width: 767px) 82vw, 740px\" \/><figcaption id=\"caption-attachment-4876\" class=\"wp-caption-text\">Die K\u00fchlwasserr\u00fcckleitung f\u00fchrt aus <a href=\"https:\/\/www.vorbei-ev.de\/wwwa\/virtuelles-gsvbw-museum-grundriss-raum-20\/\" target=\"_blank\" rel=\"noopener noreferrer\">Raum 20<\/a> durch die Flure (<a href=\"https:\/\/www.vorbei-ev.de\/wwwa\/virtuelles-gsvbw-museum-grundriss-raum-45\/\" target=\"_blank\" rel=\"noopener noreferrer\">Raum 45<\/a> und <a href=\"https:\/\/www.vorbei-ev.de\/wwwa\/virtuelles-gsvbw-museum-grundriss-raum-44\/\" target=\"_blank\" rel=\"noopener noreferrer\">Raum 44<\/a>) in den Zwischenbeh\u00e4lter im <a href=\"https:\/\/www.vorbei-ev.de\/wwwa\/virtuelles-gsvbw-museum-grundriss-raum-12n\/\" target=\"_blank\" rel=\"noopener noreferrer\">Brunnenraum (Raum 12N)<\/a>.<\/figcaption><\/figure>\n<p>&nbsp;<\/p>\n<p>Einige Vereinsmitglieder besuchten im September ein relativ junges Museumsprojekt in Ilbenstadt\/Hessen. Der B\u00fcrgermeister, Herr Dr. Hertel, macht sich f\u00fcr die Museumsnutzung einer ehemaligen F\u00fchrungsstelle zur Koordinierung des Zivilschutzes stark. Einige ehrenamtliche Helfer k\u00fcmmern sich um die Erhaltung des unterirdischen Relikts aus der Zeit des Kalten Krieges. Die Vereinsmitglieder des Vorbei e.V. konnten sich ein ausf\u00fchrliches Bild von der geleisteten Arbeit machen und m\u00f6chten auf diesem Weg den ehrenamtlichen Helfern um Herrn K\u00f6ppe f\u00fcr ihre gute Arbeit danken. Ein vorbildliches Beispiel f\u00fcr praktizierten Denkmalschutz. \u00dcber Besichtigungstermine f\u00fcr diese bundesweit einmalige Anlage kann sich der interessierte Besucher im Internet unter <a href=\"http:\/\/www.bunker-ilbenstadt.de\" target=\"_blank\" rel=\"noopener noreferrer\">http:\/\/www.bunker-ilbenstadt.de<\/a> informieren.<\/p>\n<figure id=\"attachment_4907\" aria-describedby=\"caption-attachment-4907\" style=\"width: 800px\" class=\"wp-caption aligncenter\"><img loading=\"lazy\" decoding=\"async\" class=\"wp-image-4907 size-full\" src=\"https:\/\/www.vorbei-ev.de\/wwwa\/wp-content\/uploads\/2017\/05\/img_2426-01.jpg\" alt=\"\" width=\"800\" height=\"532\" srcset=\"https:\/\/www.vorbei-ev.de\/wwwa\/wp-content\/uploads\/2017\/05\/img_2426-01.jpg 800w, https:\/\/www.vorbei-ev.de\/wwwa\/wp-content\/uploads\/2017\/05\/img_2426-01-400x266.jpg 400w, https:\/\/www.vorbei-ev.de\/wwwa\/wp-content\/uploads\/2017\/05\/img_2426-01-768x511.jpg 768w\" sizes=\"auto, (max-width: 706px) 89vw, (max-width: 767px) 82vw, 740px\" \/><figcaption id=\"caption-attachment-4907\" class=\"wp-caption-text\">Die Zivilschutz-F\u00fchrungsstelle befindet sich in einem unterirdischen Schutzbau, der \u00fcber drei Etagen verf\u00fcgt. \u00dcber einen Treppenabgang wird die \u00e4u\u00dfere Schleusent\u00fcr erreicht. Mit hydraulischen Vorrichtungen k\u00f6nnen die Schleusent\u00fcren automatisch ge\u00f6ffnet und geschlossen werden.<\/figcaption><\/figure>\n<figure id=\"attachment_4908\" aria-describedby=\"caption-attachment-4908\" style=\"width: 800px\" class=\"wp-caption aligncenter\"><img loading=\"lazy\" decoding=\"async\" class=\"wp-image-4908 size-full\" src=\"https:\/\/www.vorbei-ev.de\/wwwa\/wp-content\/uploads\/2017\/05\/img_2437-01.jpg\" alt=\"\" width=\"800\" height=\"532\" srcset=\"https:\/\/www.vorbei-ev.de\/wwwa\/wp-content\/uploads\/2017\/05\/img_2437-01.jpg 800w, https:\/\/www.vorbei-ev.de\/wwwa\/wp-content\/uploads\/2017\/05\/img_2437-01-400x266.jpg 400w, https:\/\/www.vorbei-ev.de\/wwwa\/wp-content\/uploads\/2017\/05\/img_2437-01-768x511.jpg 768w\" sizes=\"auto, (max-width: 706px) 89vw, (max-width: 767px) 82vw, 740px\" \/><figcaption id=\"caption-attachment-4908\" class=\"wp-caption-text\">Die innere Schleusent\u00fcr f\u00fchrt in den Eingangsflur. Dort befindet sich auch die Steuerung der hydraulischen Schleusent\u00fcren.<\/figcaption><\/figure>\n<figure id=\"attachment_4909\" aria-describedby=\"caption-attachment-4909\" style=\"width: 800px\" class=\"wp-caption aligncenter\"><img loading=\"lazy\" decoding=\"async\" class=\"wp-image-4909 size-full\" src=\"https:\/\/www.vorbei-ev.de\/wwwa\/wp-content\/uploads\/2017\/05\/img_2465-01.jpg\" alt=\"\" width=\"800\" height=\"532\" srcset=\"https:\/\/www.vorbei-ev.de\/wwwa\/wp-content\/uploads\/2017\/05\/img_2465-01.jpg 800w, https:\/\/www.vorbei-ev.de\/wwwa\/wp-content\/uploads\/2017\/05\/img_2465-01-400x266.jpg 400w, https:\/\/www.vorbei-ev.de\/wwwa\/wp-content\/uploads\/2017\/05\/img_2465-01-768x511.jpg 768w\" sizes=\"auto, (max-width: 706px) 89vw, (max-width: 767px) 82vw, 740px\" \/><figcaption id=\"caption-attachment-4909\" class=\"wp-caption-text\">Der Raum 113 wurde f\u00fcr die Funktion &#8222;Aufnahme und Weitergabe&#8220; von Nachrichten vorgesehen. Das Fenster mit der Durchreiche f\u00fcr Nachrichtenvordrucke f\u00fchrt in den F\u00fchrungsraum.<\/figcaption><\/figure>\n<figure id=\"attachment_4910\" aria-describedby=\"caption-attachment-4910\" style=\"width: 800px\" class=\"wp-caption aligncenter\"><img loading=\"lazy\" decoding=\"async\" class=\"wp-image-4910 size-full\" src=\"https:\/\/www.vorbei-ev.de\/wwwa\/wp-content\/uploads\/2017\/05\/img_2480-01.jpg\" alt=\"\" width=\"800\" height=\"532\" srcset=\"https:\/\/www.vorbei-ev.de\/wwwa\/wp-content\/uploads\/2017\/05\/img_2480-01.jpg 800w, https:\/\/www.vorbei-ev.de\/wwwa\/wp-content\/uploads\/2017\/05\/img_2480-01-400x266.jpg 400w, https:\/\/www.vorbei-ev.de\/wwwa\/wp-content\/uploads\/2017\/05\/img_2480-01-768x511.jpg 768w\" sizes=\"auto, (max-width: 706px) 89vw, (max-width: 767px) 82vw, 740px\" \/><figcaption id=\"caption-attachment-4910\" class=\"wp-caption-text\">Raum 119: Die Fernsprechvermittlung.<\/figcaption><\/figure>\n<figure id=\"attachment_4911\" aria-describedby=\"caption-attachment-4911\" style=\"width: 800px\" class=\"wp-caption aligncenter\"><img loading=\"lazy\" decoding=\"async\" class=\"wp-image-4911 size-full\" src=\"https:\/\/www.vorbei-ev.de\/wwwa\/wp-content\/uploads\/2017\/05\/img_2503-01.jpg\" alt=\"\" width=\"800\" height=\"532\" srcset=\"https:\/\/www.vorbei-ev.de\/wwwa\/wp-content\/uploads\/2017\/05\/img_2503-01.jpg 800w, https:\/\/www.vorbei-ev.de\/wwwa\/wp-content\/uploads\/2017\/05\/img_2503-01-400x266.jpg 400w, https:\/\/www.vorbei-ev.de\/wwwa\/wp-content\/uploads\/2017\/05\/img_2503-01-768x511.jpg 768w\" sizes=\"auto, (max-width: 706px) 89vw, (max-width: 767px) 82vw, 740px\" \/><figcaption id=\"caption-attachment-4911\" class=\"wp-caption-text\">Raum 109: Der F\u00fchrungsraum. Im Belegungsfall h\u00e4tte hier der F\u00fchrungsstab einen \u00dcberblick \u00fcber die Schadenslage behalten und die Eins\u00e4tze der zivilen Rettungs- und Hilfsorganisationen koordiniert.<\/figcaption><\/figure>\n<figure id=\"attachment_4912\" aria-describedby=\"caption-attachment-4912\" style=\"width: 800px\" class=\"wp-caption aligncenter\"><img loading=\"lazy\" decoding=\"async\" class=\"wp-image-4912 size-full\" src=\"https:\/\/www.vorbei-ev.de\/wwwa\/wp-content\/uploads\/2017\/05\/img_2526-01.jpg\" alt=\"\" width=\"800\" height=\"532\" srcset=\"https:\/\/www.vorbei-ev.de\/wwwa\/wp-content\/uploads\/2017\/05\/img_2526-01.jpg 800w, https:\/\/www.vorbei-ev.de\/wwwa\/wp-content\/uploads\/2017\/05\/img_2526-01-400x266.jpg 400w, https:\/\/www.vorbei-ev.de\/wwwa\/wp-content\/uploads\/2017\/05\/img_2526-01-768x511.jpg 768w\" sizes=\"auto, (max-width: 706px) 89vw, (max-width: 767px) 82vw, 740px\" \/><figcaption id=\"caption-attachment-4912\" class=\"wp-caption-text\">Im zweiten Untergeschoss: Der T\u00fcrdurchgang links f\u00fchrt in die K\u00fcche. Neben dem Durchgang befindet sich eine Durchreiche zur Essensausgabe. Die rechte T\u00fcr f\u00fchrt in den Aufenthaltsraum f\u00fcr M\u00e4nner.<\/figcaption><\/figure>\n<figure id=\"attachment_4913\" aria-describedby=\"caption-attachment-4913\" style=\"width: 800px\" class=\"wp-caption aligncenter\"><img loading=\"lazy\" decoding=\"async\" class=\"wp-image-4913 size-full\" src=\"https:\/\/www.vorbei-ev.de\/wwwa\/wp-content\/uploads\/2017\/05\/img_2538-01.jpg\" alt=\"\" width=\"800\" height=\"532\" srcset=\"https:\/\/www.vorbei-ev.de\/wwwa\/wp-content\/uploads\/2017\/05\/img_2538-01.jpg 800w, https:\/\/www.vorbei-ev.de\/wwwa\/wp-content\/uploads\/2017\/05\/img_2538-01-400x266.jpg 400w, https:\/\/www.vorbei-ev.de\/wwwa\/wp-content\/uploads\/2017\/05\/img_2538-01-768x511.jpg 768w\" sizes=\"auto, (max-width: 706px) 89vw, (max-width: 767px) 82vw, 740px\" \/><figcaption id=\"caption-attachment-4913\" class=\"wp-caption-text\">Raum 207: Die Brunnenstube. Der Raum beinhaltet neben dem Tiefbrunnen verschiedene Vorrichtungen zur Wasseraufbereitung.<\/figcaption><\/figure>\n<figure id=\"attachment_4915\" aria-describedby=\"caption-attachment-4915\" style=\"width: 800px\" class=\"wp-caption aligncenter\"><img loading=\"lazy\" decoding=\"async\" class=\"wp-image-4915 size-full\" src=\"https:\/\/www.vorbei-ev.de\/wwwa\/wp-content\/uploads\/2017\/05\/img_2582-01.jpg\" alt=\"\" width=\"800\" height=\"532\" srcset=\"https:\/\/www.vorbei-ev.de\/wwwa\/wp-content\/uploads\/2017\/05\/img_2582-01.jpg 800w, https:\/\/www.vorbei-ev.de\/wwwa\/wp-content\/uploads\/2017\/05\/img_2582-01-400x266.jpg 400w, https:\/\/www.vorbei-ev.de\/wwwa\/wp-content\/uploads\/2017\/05\/img_2582-01-768x511.jpg 768w\" sizes=\"auto, (max-width: 706px) 89vw, (max-width: 767px) 82vw, 740px\" \/><figcaption id=\"caption-attachment-4915\" class=\"wp-caption-text\">Der Flur im dritten Untergeschoss: Der ge\u00f6ffnete Durchgang links f\u00fchrt in den Raum 313 (Lufttechnische Anlagen). Rechts daneben die geschlossene T\u00fcr zum Raum 312 (Sachbearbeiter Technik), zugleich Durchgang zum Raum 316 (Niederspannungs-Hauptverteilung) und Raum 319 (Netzersatzanlage).<\/figcaption><\/figure>\n<figure id=\"attachment_4917\" aria-describedby=\"caption-attachment-4917\" style=\"width: 800px\" class=\"wp-caption aligncenter\"><img loading=\"lazy\" decoding=\"async\" class=\"wp-image-4917 size-full\" src=\"https:\/\/www.vorbei-ev.de\/wwwa\/wp-content\/uploads\/2017\/05\/img_2619-01.jpg\" alt=\"\" width=\"800\" height=\"532\" srcset=\"https:\/\/www.vorbei-ev.de\/wwwa\/wp-content\/uploads\/2017\/05\/img_2619-01.jpg 800w, https:\/\/www.vorbei-ev.de\/wwwa\/wp-content\/uploads\/2017\/05\/img_2619-01-400x266.jpg 400w, https:\/\/www.vorbei-ev.de\/wwwa\/wp-content\/uploads\/2017\/05\/img_2619-01-768x511.jpg 768w\" sizes=\"auto, (max-width: 706px) 89vw, (max-width: 767px) 82vw, 740px\" \/><figcaption id=\"caption-attachment-4917\" class=\"wp-caption-text\">Die Netzersatzanlage im Raum 319 besteht aus zwei Generatoren, die mit Dieselmotoren angetrieben werden.<\/figcaption><\/figure>\n<figure id=\"attachment_4918\" aria-describedby=\"caption-attachment-4918\" style=\"width: 800px\" class=\"wp-caption aligncenter\"><img loading=\"lazy\" decoding=\"async\" class=\"wp-image-4918 size-full\" src=\"https:\/\/www.vorbei-ev.de\/wwwa\/wp-content\/uploads\/2017\/05\/img_2642-01.jpg\" alt=\"\" width=\"800\" height=\"532\" srcset=\"https:\/\/www.vorbei-ev.de\/wwwa\/wp-content\/uploads\/2017\/05\/img_2642-01.jpg 800w, https:\/\/www.vorbei-ev.de\/wwwa\/wp-content\/uploads\/2017\/05\/img_2642-01-400x266.jpg 400w, https:\/\/www.vorbei-ev.de\/wwwa\/wp-content\/uploads\/2017\/05\/img_2642-01-768x511.jpg 768w\" sizes=\"auto, (max-width: 706px) 89vw, (max-width: 767px) 82vw, 740px\" \/><figcaption id=\"caption-attachment-4918\" class=\"wp-caption-text\">Raum 317: Schlafraum f\u00fcr M\u00e4nner.<\/figcaption><\/figure>\n<figure id=\"attachment_4914\" aria-describedby=\"caption-attachment-4914\" style=\"width: 800px\" class=\"wp-caption aligncenter\"><img loading=\"lazy\" decoding=\"async\" class=\"wp-image-4914 size-full\" src=\"https:\/\/www.vorbei-ev.de\/wwwa\/wp-content\/uploads\/2017\/05\/img_2580-01.jpg\" alt=\"\" width=\"800\" height=\"532\" srcset=\"https:\/\/www.vorbei-ev.de\/wwwa\/wp-content\/uploads\/2017\/05\/img_2580-01.jpg 800w, https:\/\/www.vorbei-ev.de\/wwwa\/wp-content\/uploads\/2017\/05\/img_2580-01-400x266.jpg 400w, https:\/\/www.vorbei-ev.de\/wwwa\/wp-content\/uploads\/2017\/05\/img_2580-01-768x511.jpg 768w\" sizes=\"auto, (max-width: 706px) 89vw, (max-width: 767px) 82vw, 740px\" \/><figcaption id=\"caption-attachment-4914\" class=\"wp-caption-text\">Der Flur im dritten Untergeschoss mit dem Treppenaufgang.<\/figcaption><\/figure>\n<figure id=\"attachment_4916\" aria-describedby=\"caption-attachment-4916\" style=\"width: 800px\" class=\"wp-caption aligncenter\"><img loading=\"lazy\" decoding=\"async\" class=\"wp-image-4916 size-full\" src=\"https:\/\/www.vorbei-ev.de\/wwwa\/wp-content\/uploads\/2017\/05\/img_2609-01.jpg\" alt=\"\" width=\"800\" height=\"532\" srcset=\"https:\/\/www.vorbei-ev.de\/wwwa\/wp-content\/uploads\/2017\/05\/img_2609-01.jpg 800w, https:\/\/www.vorbei-ev.de\/wwwa\/wp-content\/uploads\/2017\/05\/img_2609-01-400x266.jpg 400w, https:\/\/www.vorbei-ev.de\/wwwa\/wp-content\/uploads\/2017\/05\/img_2609-01-768x511.jpg 768w\" sizes=\"auto, (max-width: 706px) 89vw, (max-width: 767px) 82vw, 740px\" \/><figcaption id=\"caption-attachment-4916\" class=\"wp-caption-text\">Raum 320: Die Heizung.<\/figcaption><\/figure>\n<p>&nbsp;<\/p>\n<h1>Projekt GSVBw<\/h1>\n<p>Unser Projekt zur bundesweiten Dokumentation der Grundnetzschalt- und Vermittlungsstellen der Bundeswehr kommt gut voran. Inzwischen haben wir bereits \u00fcber ein Dutzend dieser Anlagen besichtigen k\u00f6nnen. Im September wurde deshalb unsere Webseite mit einer Erg\u00e4nzung zur GSVBw 34 Siegen versehen. Weitere Anlagen folgen in den n\u00e4chsten Wochen und Monaten.<\/p>\n<div class=\"shariff shariff-align-left shariff-widget-align-left shariff-buttonstretch\" data-services=\"facebook\" data-url=\"https:\/\/www.vorbei-ev.de\/wwwa\/2008\/10\/10\/vereinsaktivitaeten-im-september-2008\/\" data-timestamp=\"1614545932\" data-backendurl=\"https:\/\/www.vorbei-ev.de\/wwwa\/wp-json\/shariff\/v1\/share_counts?\"><ul class=\"shariff-buttons theme-default orientation-horizontal buttonsize-medium\"><li class=\"shariff-button facebook shariff-nocustomcolor\" style=\"background-color:#4273c8\"><a href=\"https:\/\/www.facebook.com\/sharer\/sharer.php?u=https%3A%2F%2Fwww.vorbei-ev.de%2Fwwwa%2F2008%2F10%2F10%2Fvereinsaktivitaeten-im-september-2008%2F\" title=\"Bei Facebook teilen\" aria-label=\"Bei Facebook teilen\" role=\"button\" rel=\"nofollow\" class=\"shariff-link\" style=\"; background-color:#3b5998; color:#fff\" target=\"_blank\"><span class=\"shariff-icon\" style=\"\"><svg width=\"32px\" height=\"20px\" xmlns=\"http:\/\/www.w3.org\/2000\/svg\" viewBox=\"0 0 18 32\"><path fill=\"#3b5998\" d=\"M17.1 0.2v4.7h-2.8q-1.5 0-2.1 0.6t-0.5 1.9v3.4h5.2l-0.7 5.3h-4.5v13.6h-5.5v-13.6h-4.5v-5.3h4.5v-3.9q0-3.3 1.9-5.2t5-1.8q2.6 0 4.1 0.2z\"\/><\/svg><\/span><span class=\"shariff-text\">teilen<\/span>&nbsp;<\/a><\/li><li class=\"shariff-button twitter shariff-nocustomcolor\" style=\"background-color:#595959\"><a href=\"https:\/\/twitter.com\/share?url=https%3A%2F%2Fwww.vorbei-ev.de%2Fwwwa%2F2008%2F10%2F10%2Fvereinsaktivitaeten-im-september-2008%2F&text=Vereinsaktivit%C3%A4ten%20im%20September%202008\" title=\"Bei X teilen\" aria-label=\"Bei X teilen\" role=\"button\" rel=\"noopener nofollow\" class=\"shariff-link\" style=\"; background-color:#000; color:#fff\" target=\"_blank\"><span class=\"shariff-icon\" style=\"\"><svg width=\"32px\" height=\"20px\" xmlns=\"http:\/\/www.w3.org\/2000\/svg\" viewBox=\"0 0 24 24\"><path fill=\"#000\" d=\"M14.258 10.152L23.176 0h-2.113l-7.747 8.813L7.133 0H0l9.352 13.328L0 23.973h2.113l8.176-9.309 6.531 9.309h7.133zm-2.895 3.293l-.949-1.328L2.875 1.56h3.246l6.086 8.523.945 1.328 7.91 11.078h-3.246zm0 0\"\/><\/svg><\/span><span class=\"shariff-text\">teilen<\/span>&nbsp;<\/a><\/li><li class=\"shariff-button whatsapp shariff-nocustomcolor\" style=\"background-color:#5cbe4a\"><a href=\"https:\/\/api.whatsapp.com\/send?text=https%3A%2F%2Fwww.vorbei-ev.de%2Fwwwa%2F2008%2F10%2F10%2Fvereinsaktivitaeten-im-september-2008%2F%20Vereinsaktivit%C3%A4ten%20im%20September%202008\" title=\"Bei Whatsapp teilen\" aria-label=\"Bei Whatsapp teilen\" role=\"button\" rel=\"noopener nofollow\" class=\"shariff-link\" style=\"; background-color:#34af23; color:#fff\" target=\"_blank\"><span class=\"shariff-icon\" style=\"\"><svg width=\"32px\" height=\"20px\" xmlns=\"http:\/\/www.w3.org\/2000\/svg\" viewBox=\"0 0 32 32\"><path fill=\"#34af23\" d=\"M17.6 17.4q0.2 0 1.7 0.8t1.6 0.9q0 0.1 0 0.3 0 0.6-0.3 1.4-0.3 0.7-1.3 1.2t-1.8 0.5q-1 0-3.4-1.1-1.7-0.8-3-2.1t-2.6-3.3q-1.3-1.9-1.3-3.5v-0.1q0.1-1.6 1.3-2.8 0.4-0.4 0.9-0.4 0.1 0 0.3 0t0.3 0q0.3 0 0.5 0.1t0.3 0.5q0.1 0.4 0.6 1.6t0.4 1.3q0 0.4-0.6 1t-0.6 0.8q0 0.1 0.1 0.3 0.6 1.3 1.8 2.4 1 0.9 2.7 1.8 0.2 0.1 0.4 0.1 0.3 0 1-0.9t0.9-0.9zM14 26.9q2.3 0 4.3-0.9t3.6-2.4 2.4-3.6 0.9-4.3-0.9-4.3-2.4-3.6-3.6-2.4-4.3-0.9-4.3 0.9-3.6 2.4-2.4 3.6-0.9 4.3q0 3.6 2.1 6.6l-1.4 4.2 4.3-1.4q2.8 1.9 6.2 1.9zM14 2.2q2.7 0 5.2 1.1t4.3 2.9 2.9 4.3 1.1 5.2-1.1 5.2-2.9 4.3-4.3 2.9-5.2 1.1q-3.5 0-6.5-1.7l-7.4 2.4 2.4-7.2q-1.9-3.2-1.9-6.9 0-2.7 1.1-5.2t2.9-4.3 4.3-2.9 5.2-1.1z\"\/><\/svg><\/span><span class=\"shariff-text\">teilen<\/span>&nbsp;<\/a><\/li><li class=\"shariff-button telegram shariff-nocustomcolor\" style=\"background-color:#4084A6\"><a href=\"https:\/\/telegram.me\/share\/url?url=https%3A%2F%2Fwww.vorbei-ev.de%2Fwwwa%2F2008%2F10%2F10%2Fvereinsaktivitaeten-im-september-2008%2F&text=Vereinsaktivit%C3%A4ten%20im%20September%202008\" title=\"Bei Telegram teilen\" aria-label=\"Bei Telegram teilen\" role=\"button\" rel=\"noopener nofollow\" class=\"shariff-link\" style=\"; background-color:#0088cc; color:#fff\" target=\"_blank\"><span class=\"shariff-icon\" style=\"\"><svg width=\"32px\" height=\"20px\" xmlns=\"http:\/\/www.w3.org\/2000\/svg\" viewBox=\"0 0 32 32\"><path fill=\"#0088cc\" d=\"M30.8 6.5l-4.5 21.4c-.3 1.5-1.2 1.9-2.5 1.2L16.9 24l-3.3 3.2c-.4.4-.7.7-1.4.7l.5-7L25.5 9.2c.6-.5-.1-.8-.9-.3l-15.8 10L2 16.7c-1.5-.5-1.5-1.5.3-2.2L28.9 4.3c1.3-.5 2.3.3 1.9 2.2z\"\/><\/svg><\/span><span class=\"shariff-text\">teilen<\/span>&nbsp;<\/a><\/li><\/ul><\/div>","protected":false},"excerpt":{"rendered":"<p>Zur Erg\u00e4nzung unserer August-Aktivit\u00e4ten m\u00f6chten wir noch einen kleinen Reisebericht nachreichen. Ein Vereinsmitglied reiste aus dem Saarland nach Berlin, um sich ein Bild \u00fcber die dortigen Museumsaktivit\u00e4ten zu machen. Im Hinblick auf unsere eigenen Pl\u00e4ne in dieser Angelegenheit haben wir uns angeschaut, wie andere Vereine mit der Thematik umgehen. An dieser Stelle m\u00f6chten wir uns &hellip; <\/p>\n<p class=\"link-more\"><a href=\"https:\/\/www.vorbei-ev.de\/wwwa\/2008\/10\/10\/vereinsaktivitaeten-im-september-2008\/\" class=\"more-link\"><span class=\"screen-reader-text\">\u201eVereinsaktivit\u00e4ten im September 2008\u201c <\/span>weiterlesen<\/a><\/p>\n","protected":false},"author":2,"featured_media":4941,"comment_status":"closed","ping_status":"open","sticky":false,"template":"","format":"image","meta":{"footnotes":""},"categories":[29],"tags":[],"class_list":["post-8487","post","type-post","status-publish","format-image","has-post-thumbnail","hentry","category-29","post_format-post-format-image"],"yoast_head":"<!-- This site is optimized with the Yoast SEO plugin v27.4 - https:\/\/yoast.com\/product\/yoast-seo-wordpress\/ -->\n<title>Vereinsaktivit\u00e4ten im September 2008 - Vorbei e.V.<\/title>\n<meta name=\"description\" content=\"Zur Erg\u00e4nzung unserer August-Aktivit\u00e4ten m\u00f6chten wir noch einen kleinen Reisebericht nachreichen. Ein Vereinsmitglied reiste aus dem Saarland nach Berlin,\" \/>\n<meta name=\"robots\" content=\"index, follow, max-snippet:-1, max-image-preview:large, max-video-preview:-1\" \/>\n<link rel=\"canonical\" href=\"https:\/\/www.vorbei-ev.de\/wwwa\/2008\/10\/10\/vereinsaktivitaeten-im-september-2008\/\" \/>\n<meta property=\"og:locale\" content=\"de_DE\" \/>\n<meta property=\"og:type\" content=\"article\" \/>\n<meta property=\"og:title\" content=\"Vereinsaktivit\u00e4ten im September 2008 - Vorbei e.V.\" \/>\n<meta property=\"og:description\" content=\"Zur Erg\u00e4nzung unserer August-Aktivit\u00e4ten m\u00f6chten wir noch einen kleinen Reisebericht nachreichen. Ein Vereinsmitglied reiste aus dem Saarland nach Berlin,\" \/>\n<meta property=\"og:url\" content=\"https:\/\/www.vorbei-ev.de\/wwwa\/2008\/10\/10\/vereinsaktivitaeten-im-september-2008\/\" \/>\n<meta property=\"og:site_name\" content=\"Vorbei e.V.\" \/>\n<meta property=\"article:publisher\" content=\"https:\/\/www.facebook.com\/groups\/107150626035606\/\" \/>\n<meta property=\"article:published_time\" content=\"2008-10-10T10:00:05+00:00\" \/>\n<meta property=\"article:modified_time\" content=\"2021-02-28T19:58:52+00:00\" \/>\n<meta property=\"og:image\" content=\"https:\/\/www.vorbei-ev.de\/wwwa\/wp-content\/uploads\/2017\/05\/Tour1-1-800.jpg\" \/>\n\t<meta property=\"og:image:width\" content=\"536\" \/>\n\t<meta property=\"og:image:height\" content=\"800\" \/>\n\t<meta property=\"og:image:type\" content=\"image\/jpeg\" \/>\n<meta name=\"author\" content=\"Lars Knauer\" \/>\n<meta name=\"twitter:card\" content=\"summary_large_image\" \/>\n<meta name=\"twitter:image\" content=\"https:\/\/www.vorbei-ev.de\/wwwa\/wp-content\/uploads\/2017\/05\/Tour1-1-800.jpg\" \/>\n<meta name=\"twitter:label1\" content=\"Verfasst von\" \/>\n\t<meta name=\"twitter:data1\" content=\"Lars Knauer\" \/>\n\t<meta name=\"twitter:label2\" content=\"Gesch\u00e4tzte Lesezeit\" \/>\n\t<meta name=\"twitter:data2\" content=\"9\u00a0Minuten\" \/>\n<script type=\"application\/ld+json\" class=\"yoast-schema-graph\">{\"@context\":\"https:\\\/\\\/schema.org\",\"@graph\":[{\"@type\":\"Article\",\"@id\":\"https:\\\/\\\/www.vorbei-ev.de\\\/wwwa\\\/2008\\\/10\\\/10\\\/vereinsaktivitaeten-im-september-2008\\\/#article\",\"isPartOf\":{\"@id\":\"https:\\\/\\\/www.vorbei-ev.de\\\/wwwa\\\/2008\\\/10\\\/10\\\/vereinsaktivitaeten-im-september-2008\\\/\"},\"author\":{\"name\":\"Lars Knauer\",\"@id\":\"https:\\\/\\\/www.vorbei-ev.de\\\/wwwa\\\/#\\\/schema\\\/person\\\/73a85b6f1e47d7e120f5469e01829e53\"},\"headline\":\"Vereinsaktivit\u00e4ten im September 2008\",\"datePublished\":\"2008-10-10T10:00:05+00:00\",\"dateModified\":\"2021-02-28T19:58:52+00:00\",\"mainEntityOfPage\":{\"@id\":\"https:\\\/\\\/www.vorbei-ev.de\\\/wwwa\\\/2008\\\/10\\\/10\\\/vereinsaktivitaeten-im-september-2008\\\/\"},\"wordCount\":1829,\"publisher\":{\"@id\":\"https:\\\/\\\/www.vorbei-ev.de\\\/wwwa\\\/#organization\"},\"image\":{\"@id\":\"https:\\\/\\\/www.vorbei-ev.de\\\/wwwa\\\/2008\\\/10\\\/10\\\/vereinsaktivitaeten-im-september-2008\\\/#primaryimage\"},\"thumbnailUrl\":\"https:\\\/\\\/www.vorbei-ev.de\\\/wwwa\\\/wp-content\\\/uploads\\\/2017\\\/05\\\/Tour1-1-800.jpg\",\"articleSection\":[\"2008\"],\"inLanguage\":\"de\"},{\"@type\":\"WebPage\",\"@id\":\"https:\\\/\\\/www.vorbei-ev.de\\\/wwwa\\\/2008\\\/10\\\/10\\\/vereinsaktivitaeten-im-september-2008\\\/\",\"url\":\"https:\\\/\\\/www.vorbei-ev.de\\\/wwwa\\\/2008\\\/10\\\/10\\\/vereinsaktivitaeten-im-september-2008\\\/\",\"name\":\"Vereinsaktivit\u00e4ten im September 2008 - Vorbei e.V.\",\"isPartOf\":{\"@id\":\"https:\\\/\\\/www.vorbei-ev.de\\\/wwwa\\\/#website\"},\"primaryImageOfPage\":{\"@id\":\"https:\\\/\\\/www.vorbei-ev.de\\\/wwwa\\\/2008\\\/10\\\/10\\\/vereinsaktivitaeten-im-september-2008\\\/#primaryimage\"},\"image\":{\"@id\":\"https:\\\/\\\/www.vorbei-ev.de\\\/wwwa\\\/2008\\\/10\\\/10\\\/vereinsaktivitaeten-im-september-2008\\\/#primaryimage\"},\"thumbnailUrl\":\"https:\\\/\\\/www.vorbei-ev.de\\\/wwwa\\\/wp-content\\\/uploads\\\/2017\\\/05\\\/Tour1-1-800.jpg\",\"datePublished\":\"2008-10-10T10:00:05+00:00\",\"dateModified\":\"2021-02-28T19:58:52+00:00\",\"description\":\"Zur Erg\u00e4nzung unserer August-Aktivit\u00e4ten m\u00f6chten wir noch einen kleinen Reisebericht nachreichen. Ein Vereinsmitglied reiste aus dem Saarland nach Berlin,\",\"breadcrumb\":{\"@id\":\"https:\\\/\\\/www.vorbei-ev.de\\\/wwwa\\\/2008\\\/10\\\/10\\\/vereinsaktivitaeten-im-september-2008\\\/#breadcrumb\"},\"inLanguage\":\"de\",\"potentialAction\":[{\"@type\":\"ReadAction\",\"target\":[\"https:\\\/\\\/www.vorbei-ev.de\\\/wwwa\\\/2008\\\/10\\\/10\\\/vereinsaktivitaeten-im-september-2008\\\/\"]}]},{\"@type\":\"ImageObject\",\"inLanguage\":\"de\",\"@id\":\"https:\\\/\\\/www.vorbei-ev.de\\\/wwwa\\\/2008\\\/10\\\/10\\\/vereinsaktivitaeten-im-september-2008\\\/#primaryimage\",\"url\":\"https:\\\/\\\/www.vorbei-ev.de\\\/wwwa\\\/wp-content\\\/uploads\\\/2017\\\/05\\\/Tour1-1-800.jpg\",\"contentUrl\":\"https:\\\/\\\/www.vorbei-ev.de\\\/wwwa\\\/wp-content\\\/uploads\\\/2017\\\/05\\\/Tour1-1-800.jpg\",\"width\":536,\"height\":800},{\"@type\":\"BreadcrumbList\",\"@id\":\"https:\\\/\\\/www.vorbei-ev.de\\\/wwwa\\\/2008\\\/10\\\/10\\\/vereinsaktivitaeten-im-september-2008\\\/#breadcrumb\",\"itemListElement\":[{\"@type\":\"ListItem\",\"position\":1,\"name\":\"Startseite\",\"item\":\"https:\\\/\\\/www.vorbei-ev.de\\\/wwwa\\\/\"},{\"@type\":\"ListItem\",\"position\":2,\"name\":\"Vereinsaktivit\u00e4ten im September 2008\"}]},{\"@type\":\"WebSite\",\"@id\":\"https:\\\/\\\/www.vorbei-ev.de\\\/wwwa\\\/#website\",\"url\":\"https:\\\/\\\/www.vorbei-ev.de\\\/wwwa\\\/\",\"name\":\"Vorbei e.V.\",\"description\":\"Dokumentation und Erhalt zeitgeschichtlicher Bauwerke\",\"publisher\":{\"@id\":\"https:\\\/\\\/www.vorbei-ev.de\\\/wwwa\\\/#organization\"},\"potentialAction\":[{\"@type\":\"SearchAction\",\"target\":{\"@type\":\"EntryPoint\",\"urlTemplate\":\"https:\\\/\\\/www.vorbei-ev.de\\\/wwwa\\\/?s={search_term_string}\"},\"query-input\":{\"@type\":\"PropertyValueSpecification\",\"valueRequired\":true,\"valueName\":\"search_term_string\"}}],\"inLanguage\":\"de\"},{\"@type\":\"Organization\",\"@id\":\"https:\\\/\\\/www.vorbei-ev.de\\\/wwwa\\\/#organization\",\"name\":\"Vorbei e.V.\",\"url\":\"https:\\\/\\\/www.vorbei-ev.de\\\/wwwa\\\/\",\"logo\":{\"@type\":\"ImageObject\",\"inLanguage\":\"de\",\"@id\":\"https:\\\/\\\/www.vorbei-ev.de\\\/wwwa\\\/#\\\/schema\\\/logo\\\/image\\\/\",\"url\":\"https:\\\/\\\/www.vorbei-ev.de\\\/wwwa\\\/wp-content\\\/uploads\\\/2017\\\/04\\\/Logo_schwarz_640px.png\",\"contentUrl\":\"https:\\\/\\\/www.vorbei-ev.de\\\/wwwa\\\/wp-content\\\/uploads\\\/2017\\\/04\\\/Logo_schwarz_640px.png\",\"width\":640,\"height\":120,\"caption\":\"Vorbei e.V.\"},\"image\":{\"@id\":\"https:\\\/\\\/www.vorbei-ev.de\\\/wwwa\\\/#\\\/schema\\\/logo\\\/image\\\/\"},\"sameAs\":[\"https:\\\/\\\/www.facebook.com\\\/groups\\\/107150626035606\\\/\"]},{\"@type\":\"Person\",\"@id\":\"https:\\\/\\\/www.vorbei-ev.de\\\/wwwa\\\/#\\\/schema\\\/person\\\/73a85b6f1e47d7e120f5469e01829e53\",\"name\":\"Lars Knauer\",\"image\":{\"@type\":\"ImageObject\",\"inLanguage\":\"de\",\"@id\":\"https:\\\/\\\/secure.gravatar.com\\\/avatar\\\/c136720ef8906c1f38a1bab0adc43160b1ccd6793f5abe75d6ea003e09b6c569?s=96&d=mm&r=g\",\"url\":\"https:\\\/\\\/secure.gravatar.com\\\/avatar\\\/c136720ef8906c1f38a1bab0adc43160b1ccd6793f5abe75d6ea003e09b6c569?s=96&d=mm&r=g\",\"contentUrl\":\"https:\\\/\\\/secure.gravatar.com\\\/avatar\\\/c136720ef8906c1f38a1bab0adc43160b1ccd6793f5abe75d6ea003e09b6c569?s=96&d=mm&r=g\",\"caption\":\"Lars Knauer\"},\"url\":\"https:\\\/\\\/www.vorbei-ev.de\\\/wwwa\\\/author\\\/lars\\\/\"}]}<\/script>\n<!-- \/ Yoast SEO plugin. -->","yoast_head_json":{"title":"Vereinsaktivit\u00e4ten im September 2008 - Vorbei e.V.","description":"Zur Erg\u00e4nzung unserer August-Aktivit\u00e4ten m\u00f6chten wir noch einen kleinen Reisebericht nachreichen. Ein Vereinsmitglied reiste aus dem Saarland nach Berlin,","robots":{"index":"index","follow":"follow","max-snippet":"max-snippet:-1","max-image-preview":"max-image-preview:large","max-video-preview":"max-video-preview:-1"},"canonical":"https:\/\/www.vorbei-ev.de\/wwwa\/2008\/10\/10\/vereinsaktivitaeten-im-september-2008\/","og_locale":"de_DE","og_type":"article","og_title":"Vereinsaktivit\u00e4ten im September 2008 - Vorbei e.V.","og_description":"Zur Erg\u00e4nzung unserer August-Aktivit\u00e4ten m\u00f6chten wir noch einen kleinen Reisebericht nachreichen. Ein Vereinsmitglied reiste aus dem Saarland nach Berlin,","og_url":"https:\/\/www.vorbei-ev.de\/wwwa\/2008\/10\/10\/vereinsaktivitaeten-im-september-2008\/","og_site_name":"Vorbei e.V.","article_publisher":"https:\/\/www.facebook.com\/groups\/107150626035606\/","article_published_time":"2008-10-10T10:00:05+00:00","article_modified_time":"2021-02-28T19:58:52+00:00","og_image":[{"width":536,"height":800,"url":"https:\/\/www.vorbei-ev.de\/wwwa\/wp-content\/uploads\/2017\/05\/Tour1-1-800.jpg","type":"image\/jpeg"}],"author":"Lars Knauer","twitter_card":"summary_large_image","twitter_image":"https:\/\/www.vorbei-ev.de\/wwwa\/wp-content\/uploads\/2017\/05\/Tour1-1-800.jpg","twitter_misc":{"Verfasst von":"Lars Knauer","Gesch\u00e4tzte Lesezeit":"9\u00a0Minuten"},"schema":{"@context":"https:\/\/schema.org","@graph":[{"@type":"Article","@id":"https:\/\/www.vorbei-ev.de\/wwwa\/2008\/10\/10\/vereinsaktivitaeten-im-september-2008\/#article","isPartOf":{"@id":"https:\/\/www.vorbei-ev.de\/wwwa\/2008\/10\/10\/vereinsaktivitaeten-im-september-2008\/"},"author":{"name":"Lars Knauer","@id":"https:\/\/www.vorbei-ev.de\/wwwa\/#\/schema\/person\/73a85b6f1e47d7e120f5469e01829e53"},"headline":"Vereinsaktivit\u00e4ten im September 2008","datePublished":"2008-10-10T10:00:05+00:00","dateModified":"2021-02-28T19:58:52+00:00","mainEntityOfPage":{"@id":"https:\/\/www.vorbei-ev.de\/wwwa\/2008\/10\/10\/vereinsaktivitaeten-im-september-2008\/"},"wordCount":1829,"publisher":{"@id":"https:\/\/www.vorbei-ev.de\/wwwa\/#organization"},"image":{"@id":"https:\/\/www.vorbei-ev.de\/wwwa\/2008\/10\/10\/vereinsaktivitaeten-im-september-2008\/#primaryimage"},"thumbnailUrl":"https:\/\/www.vorbei-ev.de\/wwwa\/wp-content\/uploads\/2017\/05\/Tour1-1-800.jpg","articleSection":["2008"],"inLanguage":"de"},{"@type":"WebPage","@id":"https:\/\/www.vorbei-ev.de\/wwwa\/2008\/10\/10\/vereinsaktivitaeten-im-september-2008\/","url":"https:\/\/www.vorbei-ev.de\/wwwa\/2008\/10\/10\/vereinsaktivitaeten-im-september-2008\/","name":"Vereinsaktivit\u00e4ten im September 2008 - Vorbei e.V.","isPartOf":{"@id":"https:\/\/www.vorbei-ev.de\/wwwa\/#website"},"primaryImageOfPage":{"@id":"https:\/\/www.vorbei-ev.de\/wwwa\/2008\/10\/10\/vereinsaktivitaeten-im-september-2008\/#primaryimage"},"image":{"@id":"https:\/\/www.vorbei-ev.de\/wwwa\/2008\/10\/10\/vereinsaktivitaeten-im-september-2008\/#primaryimage"},"thumbnailUrl":"https:\/\/www.vorbei-ev.de\/wwwa\/wp-content\/uploads\/2017\/05\/Tour1-1-800.jpg","datePublished":"2008-10-10T10:00:05+00:00","dateModified":"2021-02-28T19:58:52+00:00","description":"Zur Erg\u00e4nzung unserer August-Aktivit\u00e4ten m\u00f6chten wir noch einen kleinen Reisebericht nachreichen. Ein Vereinsmitglied reiste aus dem Saarland nach Berlin,","breadcrumb":{"@id":"https:\/\/www.vorbei-ev.de\/wwwa\/2008\/10\/10\/vereinsaktivitaeten-im-september-2008\/#breadcrumb"},"inLanguage":"de","potentialAction":[{"@type":"ReadAction","target":["https:\/\/www.vorbei-ev.de\/wwwa\/2008\/10\/10\/vereinsaktivitaeten-im-september-2008\/"]}]},{"@type":"ImageObject","inLanguage":"de","@id":"https:\/\/www.vorbei-ev.de\/wwwa\/2008\/10\/10\/vereinsaktivitaeten-im-september-2008\/#primaryimage","url":"https:\/\/www.vorbei-ev.de\/wwwa\/wp-content\/uploads\/2017\/05\/Tour1-1-800.jpg","contentUrl":"https:\/\/www.vorbei-ev.de\/wwwa\/wp-content\/uploads\/2017\/05\/Tour1-1-800.jpg","width":536,"height":800},{"@type":"BreadcrumbList","@id":"https:\/\/www.vorbei-ev.de\/wwwa\/2008\/10\/10\/vereinsaktivitaeten-im-september-2008\/#breadcrumb","itemListElement":[{"@type":"ListItem","position":1,"name":"Startseite","item":"https:\/\/www.vorbei-ev.de\/wwwa\/"},{"@type":"ListItem","position":2,"name":"Vereinsaktivit\u00e4ten im September 2008"}]},{"@type":"WebSite","@id":"https:\/\/www.vorbei-ev.de\/wwwa\/#website","url":"https:\/\/www.vorbei-ev.de\/wwwa\/","name":"Vorbei e.V.","description":"Dokumentation und Erhalt zeitgeschichtlicher Bauwerke","publisher":{"@id":"https:\/\/www.vorbei-ev.de\/wwwa\/#organization"},"potentialAction":[{"@type":"SearchAction","target":{"@type":"EntryPoint","urlTemplate":"https:\/\/www.vorbei-ev.de\/wwwa\/?s={search_term_string}"},"query-input":{"@type":"PropertyValueSpecification","valueRequired":true,"valueName":"search_term_string"}}],"inLanguage":"de"},{"@type":"Organization","@id":"https:\/\/www.vorbei-ev.de\/wwwa\/#organization","name":"Vorbei e.V.","url":"https:\/\/www.vorbei-ev.de\/wwwa\/","logo":{"@type":"ImageObject","inLanguage":"de","@id":"https:\/\/www.vorbei-ev.de\/wwwa\/#\/schema\/logo\/image\/","url":"https:\/\/www.vorbei-ev.de\/wwwa\/wp-content\/uploads\/2017\/04\/Logo_schwarz_640px.png","contentUrl":"https:\/\/www.vorbei-ev.de\/wwwa\/wp-content\/uploads\/2017\/04\/Logo_schwarz_640px.png","width":640,"height":120,"caption":"Vorbei e.V."},"image":{"@id":"https:\/\/www.vorbei-ev.de\/wwwa\/#\/schema\/logo\/image\/"},"sameAs":["https:\/\/www.facebook.com\/groups\/107150626035606\/"]},{"@type":"Person","@id":"https:\/\/www.vorbei-ev.de\/wwwa\/#\/schema\/person\/73a85b6f1e47d7e120f5469e01829e53","name":"Lars Knauer","image":{"@type":"ImageObject","inLanguage":"de","@id":"https:\/\/secure.gravatar.com\/avatar\/c136720ef8906c1f38a1bab0adc43160b1ccd6793f5abe75d6ea003e09b6c569?s=96&d=mm&r=g","url":"https:\/\/secure.gravatar.com\/avatar\/c136720ef8906c1f38a1bab0adc43160b1ccd6793f5abe75d6ea003e09b6c569?s=96&d=mm&r=g","contentUrl":"https:\/\/secure.gravatar.com\/avatar\/c136720ef8906c1f38a1bab0adc43160b1ccd6793f5abe75d6ea003e09b6c569?s=96&d=mm&r=g","caption":"Lars Knauer"},"url":"https:\/\/www.vorbei-ev.de\/wwwa\/author\/lars\/"}]}},"_links":{"self":[{"href":"https:\/\/www.vorbei-ev.de\/wwwa\/wp-json\/wp\/v2\/posts\/8487","targetHints":{"allow":["GET"]}}],"collection":[{"href":"https:\/\/www.vorbei-ev.de\/wwwa\/wp-json\/wp\/v2\/posts"}],"about":[{"href":"https:\/\/www.vorbei-ev.de\/wwwa\/wp-json\/wp\/v2\/types\/post"}],"author":[{"embeddable":true,"href":"https:\/\/www.vorbei-ev.de\/wwwa\/wp-json\/wp\/v2\/users\/2"}],"replies":[{"embeddable":true,"href":"https:\/\/www.vorbei-ev.de\/wwwa\/wp-json\/wp\/v2\/comments?post=8487"}],"version-history":[{"count":1,"href":"https:\/\/www.vorbei-ev.de\/wwwa\/wp-json\/wp\/v2\/posts\/8487\/revisions"}],"predecessor-version":[{"id":8488,"href":"https:\/\/www.vorbei-ev.de\/wwwa\/wp-json\/wp\/v2\/posts\/8487\/revisions\/8488"}],"wp:featuredmedia":[{"embeddable":true,"href":"https:\/\/www.vorbei-ev.de\/wwwa\/wp-json\/wp\/v2\/media\/4941"}],"wp:attachment":[{"href":"https:\/\/www.vorbei-ev.de\/wwwa\/wp-json\/wp\/v2\/media?parent=8487"}],"wp:term":[{"taxonomy":"category","embeddable":true,"href":"https:\/\/www.vorbei-ev.de\/wwwa\/wp-json\/wp\/v2\/categories?post=8487"},{"taxonomy":"post_tag","embeddable":true,"href":"https:\/\/www.vorbei-ev.de\/wwwa\/wp-json\/wp\/v2\/tags?post=8487"}],"curies":[{"name":"wp","href":"https:\/\/api.w.org\/{rel}","templated":true}]}}