{"id":7946,"date":"2007-08-15T12:00:14","date_gmt":"2007-08-15T10:00:14","guid":{"rendered":"http:\/\/www.vorbei-ev.de\/wwwa\/?p=7946"},"modified":"2026-04-27T17:31:23","modified_gmt":"2026-04-27T15:31:23","slug":"das-ziel-ein-museum-ueber-den-kalten-krieg","status":"publish","type":"post","link":"https:\/\/www.vorbei-ev.de\/wwwa\/2007\/08\/15\/das-ziel-ein-museum-ueber-den-kalten-krieg\/","title":{"rendered":"Das Ziel &#8211; Ein Museum \u00fcber den Kalten Krieg"},"content":{"rendered":"<p>Verein Vorbei engagiert sich f\u00fcr den Erhalt des L\u00fcderser Bunkers. Auch Mitglieder im Saarland dabei. Ob ihre ganze M\u00fche irgendwann zum gew\u00fcnschten Ergebnis f\u00fchren wird, das steht f\u00fcr den Verein Vorbei noch in den Sternen.<\/p>\n<p>Quelle: <a href=\"http:\/\/www.ndz.de\/\" target=\"_blank\" rel=\"noopener noreferrer\">Neue Deister Zeitung<\/a><br \/>\nErschienen am 15.08.2007<\/p>\n<p><a href=\"https:\/\/www.vorbei-ev.de\/wwwa\/wp-content\/uploads\/2017\/03\/15_8_07_NDZ.jpg\" target=\"_blank\" rel=\"noopener noreferrer\">Zum vollst\u00e4ndigen Bericht im neuen Fenster<\/a><\/p>\n<div class=\"shariff shariff-align-left shariff-widget-align-left shariff-buttonstretch\" data-services=\"facebook\" data-url=\"https:\/\/www.vorbei-ev.de\/wwwa\/2007\/08\/15\/das-ziel-ein-museum-ueber-den-kalten-krieg\/\" data-timestamp=\"1777311083\" data-backendurl=\"https:\/\/www.vorbei-ev.de\/wwwa\/wp-json\/shariff\/v1\/share_counts?\"><ul class=\"shariff-buttons theme-default orientation-horizontal buttonsize-medium\"><li class=\"shariff-button facebook shariff-nocustomcolor\" style=\"background-color:#4273c8\"><a href=\"https:\/\/www.facebook.com\/sharer\/sharer.php?u=https%3A%2F%2Fwww.vorbei-ev.de%2Fwwwa%2F2007%2F08%2F15%2Fdas-ziel-ein-museum-ueber-den-kalten-krieg%2F\" title=\"Bei Facebook teilen\" aria-label=\"Bei Facebook teilen\" role=\"button\" rel=\"nofollow\" class=\"shariff-link\" style=\"; background-color:#3b5998; color:#fff\" target=\"_blank\"><span class=\"shariff-icon\" style=\"\"><svg width=\"32px\" height=\"20px\" xmlns=\"http:\/\/www.w3.org\/2000\/svg\" viewBox=\"0 0 18 32\"><path fill=\"#3b5998\" d=\"M17.1 0.2v4.7h-2.8q-1.5 0-2.1 0.6t-0.5 1.9v3.4h5.2l-0.7 5.3h-4.5v13.6h-5.5v-13.6h-4.5v-5.3h4.5v-3.9q0-3.3 1.9-5.2t5-1.8q2.6 0 4.1 0.2z\"\/><\/svg><\/span><span class=\"shariff-text\">teilen<\/span>&nbsp;<\/a><\/li><li class=\"shariff-button twitter shariff-nocustomcolor\" style=\"background-color:#595959\"><a href=\"https:\/\/twitter.com\/share?url=https%3A%2F%2Fwww.vorbei-ev.de%2Fwwwa%2F2007%2F08%2F15%2Fdas-ziel-ein-museum-ueber-den-kalten-krieg%2F&text=Das%20Ziel%20%E2%80%93%20Ein%20Museum%20%C3%BCber%20den%20Kalten%20Krieg\" title=\"Bei X teilen\" aria-label=\"Bei X teilen\" role=\"button\" rel=\"noopener nofollow\" class=\"shariff-link\" style=\"; background-color:#000; color:#fff\" target=\"_blank\"><span class=\"shariff-icon\" style=\"\"><svg width=\"32px\" height=\"20px\" xmlns=\"http:\/\/www.w3.org\/2000\/svg\" viewBox=\"0 0 24 24\"><path fill=\"#000\" d=\"M14.258 10.152L23.176 0h-2.113l-7.747 8.813L7.133 0H0l9.352 13.328L0 23.973h2.113l8.176-9.309 6.531 9.309h7.133zm-2.895 3.293l-.949-1.328L2.875 1.56h3.246l6.086 8.523.945 1.328 7.91 11.078h-3.246zm0 0\"\/><\/svg><\/span><span class=\"shariff-text\">teilen<\/span>&nbsp;<\/a><\/li><li class=\"shariff-button whatsapp shariff-nocustomcolor\" style=\"background-color:#5cbe4a\"><a href=\"https:\/\/api.whatsapp.com\/send?text=https%3A%2F%2Fwww.vorbei-ev.de%2Fwwwa%2F2007%2F08%2F15%2Fdas-ziel-ein-museum-ueber-den-kalten-krieg%2F%20Das%20Ziel%20%E2%80%93%20Ein%20Museum%20%C3%BCber%20den%20Kalten%20Krieg\" title=\"Bei Whatsapp teilen\" aria-label=\"Bei Whatsapp teilen\" role=\"button\" rel=\"noopener nofollow\" class=\"shariff-link\" style=\"; background-color:#34af23; color:#fff\" target=\"_blank\"><span class=\"shariff-icon\" style=\"\"><svg width=\"32px\" height=\"20px\" xmlns=\"http:\/\/www.w3.org\/2000\/svg\" viewBox=\"0 0 32 32\"><path fill=\"#34af23\" d=\"M17.6 17.4q0.2 0 1.7 0.8t1.6 0.9q0 0.1 0 0.3 0 0.6-0.3 1.4-0.3 0.7-1.3 1.2t-1.8 0.5q-1 0-3.4-1.1-1.7-0.8-3-2.1t-2.6-3.3q-1.3-1.9-1.3-3.5v-0.1q0.1-1.6 1.3-2.8 0.4-0.4 0.9-0.4 0.1 0 0.3 0t0.3 0q0.3 0 0.5 0.1t0.3 0.5q0.1 0.4 0.6 1.6t0.4 1.3q0 0.4-0.6 1t-0.6 0.8q0 0.1 0.1 0.3 0.6 1.3 1.8 2.4 1 0.9 2.7 1.8 0.2 0.1 0.4 0.1 0.3 0 1-0.9t0.9-0.9zM14 26.9q2.3 0 4.3-0.9t3.6-2.4 2.4-3.6 0.9-4.3-0.9-4.3-2.4-3.6-3.6-2.4-4.3-0.9-4.3 0.9-3.6 2.4-2.4 3.6-0.9 4.3q0 3.6 2.1 6.6l-1.4 4.2 4.3-1.4q2.8 1.9 6.2 1.9zM14 2.2q2.7 0 5.2 1.1t4.3 2.9 2.9 4.3 1.1 5.2-1.1 5.2-2.9 4.3-4.3 2.9-5.2 1.1q-3.5 0-6.5-1.7l-7.4 2.4 2.4-7.2q-1.9-3.2-1.9-6.9 0-2.7 1.1-5.2t2.9-4.3 4.3-2.9 5.2-1.1z\"\/><\/svg><\/span><span class=\"shariff-text\">teilen<\/span>&nbsp;<\/a><\/li><li class=\"shariff-button telegram shariff-nocustomcolor\" style=\"background-color:#4084A6\"><a href=\"https:\/\/telegram.me\/share\/url?url=https%3A%2F%2Fwww.vorbei-ev.de%2Fwwwa%2F2007%2F08%2F15%2Fdas-ziel-ein-museum-ueber-den-kalten-krieg%2F&text=Das%20Ziel%20%E2%80%93%20Ein%20Museum%20%C3%BCber%20den%20Kalten%20Krieg\" title=\"Bei Telegram teilen\" aria-label=\"Bei Telegram teilen\" role=\"button\" rel=\"noopener nofollow\" class=\"shariff-link\" style=\"; background-color:#0088cc; color:#fff\" target=\"_blank\"><span class=\"shariff-icon\" style=\"\"><svg width=\"32px\" height=\"20px\" xmlns=\"http:\/\/www.w3.org\/2000\/svg\" viewBox=\"0 0 32 32\"><path fill=\"#0088cc\" d=\"M30.8 6.5l-4.5 21.4c-.3 1.5-1.2 1.9-2.5 1.2L16.9 24l-3.3 3.2c-.4.4-.7.7-1.4.7l.5-7L25.5 9.2c.6-.5-.1-.8-.9-.3l-15.8 10L2 16.7c-1.5-.5-1.5-1.5.3-2.2L28.9 4.3c1.3-.5 2.3.3 1.9 2.2z\"\/><\/svg><\/span><span class=\"shariff-text\">teilen<\/span>&nbsp;<\/a><\/li><\/ul><\/div>","protected":false},"excerpt":{"rendered":"<p>Verein Vorbei engagiert sich f\u00fcr den Erhalt des L\u00fcderser Bunkers. Auch Mitglieder im Saarland dabei. Ob ihre ganze M\u00fche irgendwann zum gew\u00fcnschten Ergebnis f\u00fchren wird, das steht f\u00fcr den Verein Vorbei noch in den Sternen. Quelle: Neue Deister Zeitung Erschienen am 15.08.2007 Zum vollst\u00e4ndigen Bericht im neuen Fenster<\/p>\n","protected":false},"author":13,"featured_media":529,"comment_status":"closed","ping_status":"open","sticky":false,"template":"","format":"image","meta":{"footnotes":""},"categories":[8],"tags":[],"class_list":["post-7946","post","type-post","status-publish","format-image","has-post-thumbnail","hentry","category-pressespiegel","post_format-post-format-image"],"yoast_head":"<!-- This site is optimized with the Yoast SEO plugin v27.4 - https:\/\/yoast.com\/product\/yoast-seo-wordpress\/ -->\n<title>Das Ziel - Ein Museum \u00fcber den Kalten Krieg - Vorbei e.V.<\/title>\n<meta name=\"description\" content=\"Verein Vorbei engagiert sich f\u00fcr den Erhalt des L\u00fcderser Bunkers. Auch Mitglieder im Saarland dabei. Ob ihre ganze M\u00fche irgendwann zum gew\u00fcnschten\" \/>\n<meta name=\"robots\" content=\"index, follow, max-snippet:-1, max-image-preview:large, max-video-preview:-1\" \/>\n<link rel=\"canonical\" href=\"https:\/\/www.vorbei-ev.de\/wwwa\/2007\/08\/15\/das-ziel-ein-museum-ueber-den-kalten-krieg\/\" \/>\n<meta property=\"og:locale\" content=\"de_DE\" \/>\n<meta property=\"og:type\" content=\"article\" \/>\n<meta property=\"og:title\" content=\"Das Ziel - Ein Museum \u00fcber den Kalten Krieg - Vorbei e.V.\" \/>\n<meta property=\"og:description\" content=\"Verein Vorbei engagiert sich f\u00fcr den Erhalt des L\u00fcderser Bunkers. Auch Mitglieder im Saarland dabei. Ob ihre ganze M\u00fche irgendwann zum gew\u00fcnschten\" \/>\n<meta property=\"og:url\" content=\"https:\/\/www.vorbei-ev.de\/wwwa\/2007\/08\/15\/das-ziel-ein-museum-ueber-den-kalten-krieg\/\" \/>\n<meta property=\"og:site_name\" content=\"Vorbei e.V.\" \/>\n<meta property=\"article:publisher\" content=\"https:\/\/www.facebook.com\/groups\/107150626035606\/\" \/>\n<meta property=\"article:published_time\" content=\"2007-08-15T10:00:14+00:00\" \/>\n<meta property=\"article:modified_time\" content=\"2026-04-27T15:31:23+00:00\" \/>\n<meta property=\"og:image\" content=\"https:\/\/www.vorbei-ev.de\/wwwa\/wp-content\/uploads\/2017\/03\/15_8_07_NDZ.jpg\" \/>\n\t<meta property=\"og:image:width\" content=\"1000\" \/>\n\t<meta property=\"og:image:height\" content=\"1414\" \/>\n\t<meta property=\"og:image:type\" content=\"image\/jpeg\" \/>\n<meta name=\"author\" content=\"Vorbei e.V.\" \/>\n<meta name=\"twitter:card\" content=\"summary_large_image\" \/>\n<meta name=\"twitter:image\" content=\"https:\/\/www.vorbei-ev.de\/wwwa\/wp-content\/uploads\/2017\/03\/15_8_07_NDZ.jpg\" \/>\n<meta name=\"twitter:label1\" content=\"Verfasst von\" \/>\n\t<meta name=\"twitter:data1\" content=\"Vorbei e.V.\" \/>\n<script type=\"application\/ld+json\" class=\"yoast-schema-graph\">{\"@context\":\"https:\\\/\\\/schema.org\",\"@graph\":[{\"@type\":\"Article\",\"@id\":\"https:\\\/\\\/www.vorbei-ev.de\\\/wwwa\\\/2007\\\/08\\\/15\\\/das-ziel-ein-museum-ueber-den-kalten-krieg\\\/#article\",\"isPartOf\":{\"@id\":\"https:\\\/\\\/www.vorbei-ev.de\\\/wwwa\\\/2007\\\/08\\\/15\\\/das-ziel-ein-museum-ueber-den-kalten-krieg\\\/\"},\"author\":{\"name\":\"Vorbei e.V.\",\"@id\":\"https:\\\/\\\/www.vorbei-ev.de\\\/wwwa\\\/#\\\/schema\\\/person\\\/064d0d38dcba4d2b42c5fb2307ae61cd\"},\"headline\":\"Das Ziel &#8211; Ein Museum \u00fcber den Kalten Krieg\",\"datePublished\":\"2007-08-15T10:00:14+00:00\",\"dateModified\":\"2026-04-27T15:31:23+00:00\",\"mainEntityOfPage\":{\"@id\":\"https:\\\/\\\/www.vorbei-ev.de\\\/wwwa\\\/2007\\\/08\\\/15\\\/das-ziel-ein-museum-ueber-den-kalten-krieg\\\/\"},\"wordCount\":63,\"publisher\":{\"@id\":\"https:\\\/\\\/www.vorbei-ev.de\\\/wwwa\\\/#organization\"},\"image\":{\"@id\":\"https:\\\/\\\/www.vorbei-ev.de\\\/wwwa\\\/2007\\\/08\\\/15\\\/das-ziel-ein-museum-ueber-den-kalten-krieg\\\/#primaryimage\"},\"thumbnailUrl\":\"https:\\\/\\\/www.vorbei-ev.de\\\/wwwa\\\/wp-content\\\/uploads\\\/2017\\\/03\\\/15_8_07_NDZ.jpg\",\"articleSection\":[\"Pressespiegel\"],\"inLanguage\":\"de\"},{\"@type\":\"WebPage\",\"@id\":\"https:\\\/\\\/www.vorbei-ev.de\\\/wwwa\\\/2007\\\/08\\\/15\\\/das-ziel-ein-museum-ueber-den-kalten-krieg\\\/\",\"url\":\"https:\\\/\\\/www.vorbei-ev.de\\\/wwwa\\\/2007\\\/08\\\/15\\\/das-ziel-ein-museum-ueber-den-kalten-krieg\\\/\",\"name\":\"Das Ziel - Ein Museum \u00fcber den Kalten Krieg - Vorbei e.V.\",\"isPartOf\":{\"@id\":\"https:\\\/\\\/www.vorbei-ev.de\\\/wwwa\\\/#website\"},\"primaryImageOfPage\":{\"@id\":\"https:\\\/\\\/www.vorbei-ev.de\\\/wwwa\\\/2007\\\/08\\\/15\\\/das-ziel-ein-museum-ueber-den-kalten-krieg\\\/#primaryimage\"},\"image\":{\"@id\":\"https:\\\/\\\/www.vorbei-ev.de\\\/wwwa\\\/2007\\\/08\\\/15\\\/das-ziel-ein-museum-ueber-den-kalten-krieg\\\/#primaryimage\"},\"thumbnailUrl\":\"https:\\\/\\\/www.vorbei-ev.de\\\/wwwa\\\/wp-content\\\/uploads\\\/2017\\\/03\\\/15_8_07_NDZ.jpg\",\"datePublished\":\"2007-08-15T10:00:14+00:00\",\"dateModified\":\"2026-04-27T15:31:23+00:00\",\"description\":\"Verein Vorbei engagiert sich f\u00fcr den Erhalt des L\u00fcderser Bunkers. Auch Mitglieder im Saarland dabei. Ob ihre ganze M\u00fche irgendwann zum gew\u00fcnschten\",\"breadcrumb\":{\"@id\":\"https:\\\/\\\/www.vorbei-ev.de\\\/wwwa\\\/2007\\\/08\\\/15\\\/das-ziel-ein-museum-ueber-den-kalten-krieg\\\/#breadcrumb\"},\"inLanguage\":\"de\",\"potentialAction\":[{\"@type\":\"ReadAction\",\"target\":[\"https:\\\/\\\/www.vorbei-ev.de\\\/wwwa\\\/2007\\\/08\\\/15\\\/das-ziel-ein-museum-ueber-den-kalten-krieg\\\/\"]}]},{\"@type\":\"ImageObject\",\"inLanguage\":\"de\",\"@id\":\"https:\\\/\\\/www.vorbei-ev.de\\\/wwwa\\\/2007\\\/08\\\/15\\\/das-ziel-ein-museum-ueber-den-kalten-krieg\\\/#primaryimage\",\"url\":\"https:\\\/\\\/www.vorbei-ev.de\\\/wwwa\\\/wp-content\\\/uploads\\\/2017\\\/03\\\/15_8_07_NDZ.jpg\",\"contentUrl\":\"https:\\\/\\\/www.vorbei-ev.de\\\/wwwa\\\/wp-content\\\/uploads\\\/2017\\\/03\\\/15_8_07_NDZ.jpg\",\"width\":1000,\"height\":1414,\"caption\":\"Das Ziel - Ein Museum \u00fcber den Kalten Krieg - Verein Vorbei engagiert sich f\u00fcr den Erhalt des L\u00fcderser Bunkers - Auch Mitglieder im Saarland.\"},{\"@type\":\"BreadcrumbList\",\"@id\":\"https:\\\/\\\/www.vorbei-ev.de\\\/wwwa\\\/2007\\\/08\\\/15\\\/das-ziel-ein-museum-ueber-den-kalten-krieg\\\/#breadcrumb\",\"itemListElement\":[{\"@type\":\"ListItem\",\"position\":1,\"name\":\"Startseite\",\"item\":\"https:\\\/\\\/www.vorbei-ev.de\\\/wwwa\\\/\"},{\"@type\":\"ListItem\",\"position\":2,\"name\":\"Das Ziel &#8211; Ein Museum \u00fcber den Kalten Krieg\"}]},{\"@type\":\"WebSite\",\"@id\":\"https:\\\/\\\/www.vorbei-ev.de\\\/wwwa\\\/#website\",\"url\":\"https:\\\/\\\/www.vorbei-ev.de\\\/wwwa\\\/\",\"name\":\"Vorbei e.V.\",\"description\":\"Dokumentation und Erhalt zeitgeschichtlicher Bauwerke\",\"publisher\":{\"@id\":\"https:\\\/\\\/www.vorbei-ev.de\\\/wwwa\\\/#organization\"},\"potentialAction\":[{\"@type\":\"SearchAction\",\"target\":{\"@type\":\"EntryPoint\",\"urlTemplate\":\"https:\\\/\\\/www.vorbei-ev.de\\\/wwwa\\\/?s={search_term_string}\"},\"query-input\":{\"@type\":\"PropertyValueSpecification\",\"valueRequired\":true,\"valueName\":\"search_term_string\"}}],\"inLanguage\":\"de\"},{\"@type\":\"Organization\",\"@id\":\"https:\\\/\\\/www.vorbei-ev.de\\\/wwwa\\\/#organization\",\"name\":\"Vorbei e.V.\",\"url\":\"https:\\\/\\\/www.vorbei-ev.de\\\/wwwa\\\/\",\"logo\":{\"@type\":\"ImageObject\",\"inLanguage\":\"de\",\"@id\":\"https:\\\/\\\/www.vorbei-ev.de\\\/wwwa\\\/#\\\/schema\\\/logo\\\/image\\\/\",\"url\":\"https:\\\/\\\/www.vorbei-ev.de\\\/wwwa\\\/wp-content\\\/uploads\\\/2017\\\/04\\\/Logo_schwarz_640px.png\",\"contentUrl\":\"https:\\\/\\\/www.vorbei-ev.de\\\/wwwa\\\/wp-content\\\/uploads\\\/2017\\\/04\\\/Logo_schwarz_640px.png\",\"width\":640,\"height\":120,\"caption\":\"Vorbei e.V.\"},\"image\":{\"@id\":\"https:\\\/\\\/www.vorbei-ev.de\\\/wwwa\\\/#\\\/schema\\\/logo\\\/image\\\/\"},\"sameAs\":[\"https:\\\/\\\/www.facebook.com\\\/groups\\\/107150626035606\\\/\"]},{\"@type\":\"Person\",\"@id\":\"https:\\\/\\\/www.vorbei-ev.de\\\/wwwa\\\/#\\\/schema\\\/person\\\/064d0d38dcba4d2b42c5fb2307ae61cd\",\"name\":\"Vorbei e.V.\",\"image\":{\"@type\":\"ImageObject\",\"inLanguage\":\"de\",\"@id\":\"https:\\\/\\\/secure.gravatar.com\\\/avatar\\\/2a882f6fec4fc129362a4da7f8b47237a779e5d8dec86035b1206fa984bab4bf?s=96&d=mm&r=g\",\"url\":\"https:\\\/\\\/secure.gravatar.com\\\/avatar\\\/2a882f6fec4fc129362a4da7f8b47237a779e5d8dec86035b1206fa984bab4bf?s=96&d=mm&r=g\",\"contentUrl\":\"https:\\\/\\\/secure.gravatar.com\\\/avatar\\\/2a882f6fec4fc129362a4da7f8b47237a779e5d8dec86035b1206fa984bab4bf?s=96&d=mm&r=g\",\"caption\":\"Vorbei e.V.\"},\"sameAs\":[\"http:\\\/\\\/www.vorbei-ev.de\"],\"url\":\"https:\\\/\\\/www.vorbei-ev.de\\\/wwwa\\\/author\\\/vorbei-e-v\\\/\"}]}<\/script>\n<!-- \/ Yoast SEO plugin. -->","yoast_head_json":{"title":"Das Ziel - Ein Museum \u00fcber den Kalten Krieg - Vorbei e.V.","description":"Verein Vorbei engagiert sich f\u00fcr den Erhalt des L\u00fcderser Bunkers. Auch Mitglieder im Saarland dabei. Ob ihre ganze M\u00fche irgendwann zum gew\u00fcnschten","robots":{"index":"index","follow":"follow","max-snippet":"max-snippet:-1","max-image-preview":"max-image-preview:large","max-video-preview":"max-video-preview:-1"},"canonical":"https:\/\/www.vorbei-ev.de\/wwwa\/2007\/08\/15\/das-ziel-ein-museum-ueber-den-kalten-krieg\/","og_locale":"de_DE","og_type":"article","og_title":"Das Ziel - Ein Museum \u00fcber den Kalten Krieg - Vorbei e.V.","og_description":"Verein Vorbei engagiert sich f\u00fcr den Erhalt des L\u00fcderser Bunkers. Auch Mitglieder im Saarland dabei. Ob ihre ganze M\u00fche irgendwann zum gew\u00fcnschten","og_url":"https:\/\/www.vorbei-ev.de\/wwwa\/2007\/08\/15\/das-ziel-ein-museum-ueber-den-kalten-krieg\/","og_site_name":"Vorbei e.V.","article_publisher":"https:\/\/www.facebook.com\/groups\/107150626035606\/","article_published_time":"2007-08-15T10:00:14+00:00","article_modified_time":"2026-04-27T15:31:23+00:00","og_image":[{"width":1000,"height":1414,"url":"https:\/\/www.vorbei-ev.de\/wwwa\/wp-content\/uploads\/2017\/03\/15_8_07_NDZ.jpg","type":"image\/jpeg"}],"author":"Vorbei e.V.","twitter_card":"summary_large_image","twitter_image":"https:\/\/www.vorbei-ev.de\/wwwa\/wp-content\/uploads\/2017\/03\/15_8_07_NDZ.jpg","twitter_misc":{"Verfasst von":"Vorbei e.V."},"schema":{"@context":"https:\/\/schema.org","@graph":[{"@type":"Article","@id":"https:\/\/www.vorbei-ev.de\/wwwa\/2007\/08\/15\/das-ziel-ein-museum-ueber-den-kalten-krieg\/#article","isPartOf":{"@id":"https:\/\/www.vorbei-ev.de\/wwwa\/2007\/08\/15\/das-ziel-ein-museum-ueber-den-kalten-krieg\/"},"author":{"name":"Vorbei e.V.","@id":"https:\/\/www.vorbei-ev.de\/wwwa\/#\/schema\/person\/064d0d38dcba4d2b42c5fb2307ae61cd"},"headline":"Das Ziel &#8211; Ein Museum \u00fcber den Kalten Krieg","datePublished":"2007-08-15T10:00:14+00:00","dateModified":"2026-04-27T15:31:23+00:00","mainEntityOfPage":{"@id":"https:\/\/www.vorbei-ev.de\/wwwa\/2007\/08\/15\/das-ziel-ein-museum-ueber-den-kalten-krieg\/"},"wordCount":63,"publisher":{"@id":"https:\/\/www.vorbei-ev.de\/wwwa\/#organization"},"image":{"@id":"https:\/\/www.vorbei-ev.de\/wwwa\/2007\/08\/15\/das-ziel-ein-museum-ueber-den-kalten-krieg\/#primaryimage"},"thumbnailUrl":"https:\/\/www.vorbei-ev.de\/wwwa\/wp-content\/uploads\/2017\/03\/15_8_07_NDZ.jpg","articleSection":["Pressespiegel"],"inLanguage":"de"},{"@type":"WebPage","@id":"https:\/\/www.vorbei-ev.de\/wwwa\/2007\/08\/15\/das-ziel-ein-museum-ueber-den-kalten-krieg\/","url":"https:\/\/www.vorbei-ev.de\/wwwa\/2007\/08\/15\/das-ziel-ein-museum-ueber-den-kalten-krieg\/","name":"Das Ziel - Ein Museum \u00fcber den Kalten Krieg - Vorbei e.V.","isPartOf":{"@id":"https:\/\/www.vorbei-ev.de\/wwwa\/#website"},"primaryImageOfPage":{"@id":"https:\/\/www.vorbei-ev.de\/wwwa\/2007\/08\/15\/das-ziel-ein-museum-ueber-den-kalten-krieg\/#primaryimage"},"image":{"@id":"https:\/\/www.vorbei-ev.de\/wwwa\/2007\/08\/15\/das-ziel-ein-museum-ueber-den-kalten-krieg\/#primaryimage"},"thumbnailUrl":"https:\/\/www.vorbei-ev.de\/wwwa\/wp-content\/uploads\/2017\/03\/15_8_07_NDZ.jpg","datePublished":"2007-08-15T10:00:14+00:00","dateModified":"2026-04-27T15:31:23+00:00","description":"Verein Vorbei engagiert sich f\u00fcr den Erhalt des L\u00fcderser Bunkers. Auch Mitglieder im Saarland dabei. Ob ihre ganze M\u00fche irgendwann zum gew\u00fcnschten","breadcrumb":{"@id":"https:\/\/www.vorbei-ev.de\/wwwa\/2007\/08\/15\/das-ziel-ein-museum-ueber-den-kalten-krieg\/#breadcrumb"},"inLanguage":"de","potentialAction":[{"@type":"ReadAction","target":["https:\/\/www.vorbei-ev.de\/wwwa\/2007\/08\/15\/das-ziel-ein-museum-ueber-den-kalten-krieg\/"]}]},{"@type":"ImageObject","inLanguage":"de","@id":"https:\/\/www.vorbei-ev.de\/wwwa\/2007\/08\/15\/das-ziel-ein-museum-ueber-den-kalten-krieg\/#primaryimage","url":"https:\/\/www.vorbei-ev.de\/wwwa\/wp-content\/uploads\/2017\/03\/15_8_07_NDZ.jpg","contentUrl":"https:\/\/www.vorbei-ev.de\/wwwa\/wp-content\/uploads\/2017\/03\/15_8_07_NDZ.jpg","width":1000,"height":1414,"caption":"Das Ziel - Ein Museum \u00fcber den Kalten Krieg - Verein Vorbei engagiert sich f\u00fcr den Erhalt des L\u00fcderser Bunkers - Auch Mitglieder im Saarland."},{"@type":"BreadcrumbList","@id":"https:\/\/www.vorbei-ev.de\/wwwa\/2007\/08\/15\/das-ziel-ein-museum-ueber-den-kalten-krieg\/#breadcrumb","itemListElement":[{"@type":"ListItem","position":1,"name":"Startseite","item":"https:\/\/www.vorbei-ev.de\/wwwa\/"},{"@type":"ListItem","position":2,"name":"Das Ziel &#8211; Ein Museum \u00fcber den Kalten Krieg"}]},{"@type":"WebSite","@id":"https:\/\/www.vorbei-ev.de\/wwwa\/#website","url":"https:\/\/www.vorbei-ev.de\/wwwa\/","name":"Vorbei e.V.","description":"Dokumentation und Erhalt zeitgeschichtlicher Bauwerke","publisher":{"@id":"https:\/\/www.vorbei-ev.de\/wwwa\/#organization"},"potentialAction":[{"@type":"SearchAction","target":{"@type":"EntryPoint","urlTemplate":"https:\/\/www.vorbei-ev.de\/wwwa\/?s={search_term_string}"},"query-input":{"@type":"PropertyValueSpecification","valueRequired":true,"valueName":"search_term_string"}}],"inLanguage":"de"},{"@type":"Organization","@id":"https:\/\/www.vorbei-ev.de\/wwwa\/#organization","name":"Vorbei e.V.","url":"https:\/\/www.vorbei-ev.de\/wwwa\/","logo":{"@type":"ImageObject","inLanguage":"de","@id":"https:\/\/www.vorbei-ev.de\/wwwa\/#\/schema\/logo\/image\/","url":"https:\/\/www.vorbei-ev.de\/wwwa\/wp-content\/uploads\/2017\/04\/Logo_schwarz_640px.png","contentUrl":"https:\/\/www.vorbei-ev.de\/wwwa\/wp-content\/uploads\/2017\/04\/Logo_schwarz_640px.png","width":640,"height":120,"caption":"Vorbei e.V."},"image":{"@id":"https:\/\/www.vorbei-ev.de\/wwwa\/#\/schema\/logo\/image\/"},"sameAs":["https:\/\/www.facebook.com\/groups\/107150626035606\/"]},{"@type":"Person","@id":"https:\/\/www.vorbei-ev.de\/wwwa\/#\/schema\/person\/064d0d38dcba4d2b42c5fb2307ae61cd","name":"Vorbei e.V.","image":{"@type":"ImageObject","inLanguage":"de","@id":"https:\/\/secure.gravatar.com\/avatar\/2a882f6fec4fc129362a4da7f8b47237a779e5d8dec86035b1206fa984bab4bf?s=96&d=mm&r=g","url":"https:\/\/secure.gravatar.com\/avatar\/2a882f6fec4fc129362a4da7f8b47237a779e5d8dec86035b1206fa984bab4bf?s=96&d=mm&r=g","contentUrl":"https:\/\/secure.gravatar.com\/avatar\/2a882f6fec4fc129362a4da7f8b47237a779e5d8dec86035b1206fa984bab4bf?s=96&d=mm&r=g","caption":"Vorbei e.V."},"sameAs":["http:\/\/www.vorbei-ev.de"],"url":"https:\/\/www.vorbei-ev.de\/wwwa\/author\/vorbei-e-v\/"}]}},"_links":{"self":[{"href":"https:\/\/www.vorbei-ev.de\/wwwa\/wp-json\/wp\/v2\/posts\/7946","targetHints":{"allow":["GET"]}}],"collection":[{"href":"https:\/\/www.vorbei-ev.de\/wwwa\/wp-json\/wp\/v2\/posts"}],"about":[{"href":"https:\/\/www.vorbei-ev.de\/wwwa\/wp-json\/wp\/v2\/types\/post"}],"author":[{"embeddable":true,"href":"https:\/\/www.vorbei-ev.de\/wwwa\/wp-json\/wp\/v2\/users\/13"}],"replies":[{"embeddable":true,"href":"https:\/\/www.vorbei-ev.de\/wwwa\/wp-json\/wp\/v2\/comments?post=7946"}],"version-history":[{"count":1,"href":"https:\/\/www.vorbei-ev.de\/wwwa\/wp-json\/wp\/v2\/posts\/7946\/revisions"}],"predecessor-version":[{"id":7947,"href":"https:\/\/www.vorbei-ev.de\/wwwa\/wp-json\/wp\/v2\/posts\/7946\/revisions\/7947"}],"wp:featuredmedia":[{"embeddable":true,"href":"https:\/\/www.vorbei-ev.de\/wwwa\/wp-json\/wp\/v2\/media\/529"}],"wp:attachment":[{"href":"https:\/\/www.vorbei-ev.de\/wwwa\/wp-json\/wp\/v2\/media?parent=7946"}],"wp:term":[{"taxonomy":"category","embeddable":true,"href":"https:\/\/www.vorbei-ev.de\/wwwa\/wp-json\/wp\/v2\/categories?post=7946"},{"taxonomy":"post_tag","embeddable":true,"href":"https:\/\/www.vorbei-ev.de\/wwwa\/wp-json\/wp\/v2\/tags?post=7946"}],"curies":[{"name":"wp","href":"https:\/\/api.w.org\/{rel}","templated":true}]}}