{"id":7834,"date":"1957-07-02T12:00:05","date_gmt":"1957-07-02T11:00:05","guid":{"rendered":"http:\/\/www.vorbei-ev.de\/wwwa\/?p=7834"},"modified":"2020-06-13T09:07:10","modified_gmt":"2020-06-13T07:07:10","slug":"02-07-1957-luftbildaufnahme-vom-luftschutzbunker-torstenssonstrasse","status":"publish","type":"post","link":"https:\/\/www.vorbei-ev.de\/wwwa\/1957\/07\/02\/02-07-1957-luftbildaufnahme-vom-luftschutzbunker-torstenssonstrasse\/","title":{"rendered":"02.07.1957: Luftbildaufnahme vom Luftschutzbunker Torstenssonstra\u00dfe"},"content":{"rendered":"<h3>Luftbild (Bildausschnitt) vom Luftschutzbunker in der Torstenssonstra\u00dfe \/ Ecke Wallensteinstra\u00dfe. (Archiv der Region Hannover, Nachlass Koberg Nr. 465).<\/h3>\n<p>&nbsp;<\/p>\n<figure id=\"attachment_7426\" aria-describedby=\"caption-attachment-7426\" style=\"width: 800px\" class=\"wp-caption aligncenter\"><img loading=\"lazy\" decoding=\"async\" class=\"size-full wp-image-7426\" src=\"https:\/\/www.vorbei-ev.de\/wwwa\/wp-content\/uploads\/2019\/03\/bunker_image_2019-02_09.jpg\" alt=\"Das Foto vom 02.07.1957 zeigt den Luftschutzbunker in der Torstenssonstra\u00dfe \/ Ecke Wallensteinstra\u00dfe. Es handelt sich dabei um einen Ausschnitt eines Luftbildes. (Archiv der Region Hannover, Nachlass Koberg Nr. 465).\" width=\"800\" height=\"625\" srcset=\"https:\/\/www.vorbei-ev.de\/wwwa\/wp-content\/uploads\/2019\/03\/bunker_image_2019-02_09.jpg 800w, https:\/\/www.vorbei-ev.de\/wwwa\/wp-content\/uploads\/2019\/03\/bunker_image_2019-02_09-400x313.jpg 400w, https:\/\/www.vorbei-ev.de\/wwwa\/wp-content\/uploads\/2019\/03\/bunker_image_2019-02_09-768x600.jpg 768w\" sizes=\"auto, (max-width: 706px) 89vw, (max-width: 767px) 82vw, 740px\" \/><figcaption id=\"caption-attachment-7426\" class=\"wp-caption-text\">Der Luftschutzbunker in der Torstenssonstra\u00dfe \/ Ecke Wallensteinstra\u00dfe im Luftbild (Bildausschnitt) vom 2. Juli 1957. (Archiv der Region Hannover, Nachlass Koberg Nr. 465). Rechts neben dem Bunker verl\u00e4uft die Wallensteinstra\u00dfe. Die Torstenssonstra\u00dfe befindet sich an der L\u00e4ngstseite hinter dem Bunker.<\/figcaption><\/figure>\n<p>&nbsp;<\/p>\n<div class=\"shariff shariff-align-left shariff-widget-align-left shariff-buttonstretch\" data-services=\"facebook\" data-url=\"https:\/\/www.vorbei-ev.de\/wwwa\/1957\/07\/02\/02-07-1957-luftbildaufnahme-vom-luftschutzbunker-torstenssonstrasse\/\" data-timestamp=\"1592039230\" data-backendurl=\"https:\/\/www.vorbei-ev.de\/wwwa\/wp-json\/shariff\/v1\/share_counts?\"><ul class=\"shariff-buttons theme-default orientation-horizontal buttonsize-medium\"><li class=\"shariff-button facebook shariff-nocustomcolor\" style=\"background-color:#4273c8\"><a href=\"https:\/\/www.facebook.com\/sharer\/sharer.php?u=https%3A%2F%2Fwww.vorbei-ev.de%2Fwwwa%2F1957%2F07%2F02%2F02-07-1957-luftbildaufnahme-vom-luftschutzbunker-torstenssonstrasse%2F\" title=\"Bei Facebook teilen\" aria-label=\"Bei Facebook teilen\" role=\"button\" rel=\"nofollow\" class=\"shariff-link\" style=\"; background-color:#3b5998; color:#fff\" target=\"_blank\"><span class=\"shariff-icon\" style=\"\"><svg width=\"32px\" height=\"20px\" xmlns=\"http:\/\/www.w3.org\/2000\/svg\" viewBox=\"0 0 18 32\"><path fill=\"#3b5998\" d=\"M17.1 0.2v4.7h-2.8q-1.5 0-2.1 0.6t-0.5 1.9v3.4h5.2l-0.7 5.3h-4.5v13.6h-5.5v-13.6h-4.5v-5.3h4.5v-3.9q0-3.3 1.9-5.2t5-1.8q2.6 0 4.1 0.2z\"\/><\/svg><\/span><span class=\"shariff-text\">teilen<\/span>&nbsp;<\/a><\/li><li class=\"shariff-button twitter shariff-nocustomcolor\" style=\"background-color:#595959\"><a href=\"https:\/\/twitter.com\/share?url=https%3A%2F%2Fwww.vorbei-ev.de%2Fwwwa%2F1957%2F07%2F02%2F02-07-1957-luftbildaufnahme-vom-luftschutzbunker-torstenssonstrasse%2F&text=02.07.1957%3A%20Luftbildaufnahme%20vom%20Luftschutzbunker%20Torstenssonstra%C3%9Fe\" title=\"Bei X teilen\" aria-label=\"Bei X teilen\" role=\"button\" rel=\"noopener nofollow\" class=\"shariff-link\" style=\"; background-color:#000; color:#fff\" target=\"_blank\"><span class=\"shariff-icon\" style=\"\"><svg width=\"32px\" height=\"20px\" xmlns=\"http:\/\/www.w3.org\/2000\/svg\" viewBox=\"0 0 24 24\"><path fill=\"#000\" d=\"M14.258 10.152L23.176 0h-2.113l-7.747 8.813L7.133 0H0l9.352 13.328L0 23.973h2.113l8.176-9.309 6.531 9.309h7.133zm-2.895 3.293l-.949-1.328L2.875 1.56h3.246l6.086 8.523.945 1.328 7.91 11.078h-3.246zm0 0\"\/><\/svg><\/span><span class=\"shariff-text\">teilen<\/span>&nbsp;<\/a><\/li><li class=\"shariff-button whatsapp shariff-nocustomcolor\" style=\"background-color:#5cbe4a\"><a href=\"https:\/\/api.whatsapp.com\/send?text=https%3A%2F%2Fwww.vorbei-ev.de%2Fwwwa%2F1957%2F07%2F02%2F02-07-1957-luftbildaufnahme-vom-luftschutzbunker-torstenssonstrasse%2F%2002.07.1957%3A%20Luftbildaufnahme%20vom%20Luftschutzbunker%20Torstenssonstra%C3%9Fe\" title=\"Bei Whatsapp teilen\" aria-label=\"Bei Whatsapp teilen\" role=\"button\" rel=\"noopener nofollow\" class=\"shariff-link\" style=\"; background-color:#34af23; color:#fff\" target=\"_blank\"><span class=\"shariff-icon\" style=\"\"><svg width=\"32px\" height=\"20px\" xmlns=\"http:\/\/www.w3.org\/2000\/svg\" viewBox=\"0 0 32 32\"><path fill=\"#34af23\" d=\"M17.6 17.4q0.2 0 1.7 0.8t1.6 0.9q0 0.1 0 0.3 0 0.6-0.3 1.4-0.3 0.7-1.3 1.2t-1.8 0.5q-1 0-3.4-1.1-1.7-0.8-3-2.1t-2.6-3.3q-1.3-1.9-1.3-3.5v-0.1q0.1-1.6 1.3-2.8 0.4-0.4 0.9-0.4 0.1 0 0.3 0t0.3 0q0.3 0 0.5 0.1t0.3 0.5q0.1 0.4 0.6 1.6t0.4 1.3q0 0.4-0.6 1t-0.6 0.8q0 0.1 0.1 0.3 0.6 1.3 1.8 2.4 1 0.9 2.7 1.8 0.2 0.1 0.4 0.1 0.3 0 1-0.9t0.9-0.9zM14 26.9q2.3 0 4.3-0.9t3.6-2.4 2.4-3.6 0.9-4.3-0.9-4.3-2.4-3.6-3.6-2.4-4.3-0.9-4.3 0.9-3.6 2.4-2.4 3.6-0.9 4.3q0 3.6 2.1 6.6l-1.4 4.2 4.3-1.4q2.8 1.9 6.2 1.9zM14 2.2q2.7 0 5.2 1.1t4.3 2.9 2.9 4.3 1.1 5.2-1.1 5.2-2.9 4.3-4.3 2.9-5.2 1.1q-3.5 0-6.5-1.7l-7.4 2.4 2.4-7.2q-1.9-3.2-1.9-6.9 0-2.7 1.1-5.2t2.9-4.3 4.3-2.9 5.2-1.1z\"\/><\/svg><\/span><span class=\"shariff-text\">teilen<\/span>&nbsp;<\/a><\/li><li class=\"shariff-button telegram shariff-nocustomcolor\" style=\"background-color:#4084A6\"><a href=\"https:\/\/telegram.me\/share\/url?url=https%3A%2F%2Fwww.vorbei-ev.de%2Fwwwa%2F1957%2F07%2F02%2F02-07-1957-luftbildaufnahme-vom-luftschutzbunker-torstenssonstrasse%2F&text=02.07.1957%3A%20Luftbildaufnahme%20vom%20Luftschutzbunker%20Torstenssonstra%C3%9Fe\" title=\"Bei Telegram teilen\" aria-label=\"Bei Telegram teilen\" role=\"button\" rel=\"noopener nofollow\" class=\"shariff-link\" style=\"; background-color:#0088cc; color:#fff\" target=\"_blank\"><span class=\"shariff-icon\" style=\"\"><svg width=\"32px\" height=\"20px\" xmlns=\"http:\/\/www.w3.org\/2000\/svg\" viewBox=\"0 0 32 32\"><path fill=\"#0088cc\" d=\"M30.8 6.5l-4.5 21.4c-.3 1.5-1.2 1.9-2.5 1.2L16.9 24l-3.3 3.2c-.4.4-.7.7-1.4.7l.5-7L25.5 9.2c.6-.5-.1-.8-.9-.3l-15.8 10L2 16.7c-1.5-.5-1.5-1.5.3-2.2L28.9 4.3c1.3-.5 2.3.3 1.9 2.2z\"\/><\/svg><\/span><span class=\"shariff-text\">teilen<\/span>&nbsp;<\/a><\/li><\/ul><\/div>","protected":false},"excerpt":{"rendered":"<p>Luftbild (Bildausschnitt) vom Luftschutzbunker in der Torstenssonstra\u00dfe \/ Ecke Wallensteinstra\u00dfe. (Archiv der Region Hannover, Nachlass Koberg Nr. 465). &nbsp; &nbsp;<\/p>\n","protected":false},"author":2,"featured_media":7416,"comment_status":"closed","ping_status":"open","sticky":false,"template":"","format":"image","meta":{"footnotes":""},"categories":[7],"tags":[],"class_list":["post-7834","post","type-post","status-publish","format-image","has-post-thumbnail","hentry","category-schutzbau-wallensteinstrasse","post_format-post-format-image"],"yoast_head":"<!-- This site is optimized with the Yoast SEO plugin v27.4 - https:\/\/yoast.com\/product\/yoast-seo-wordpress\/ -->\n<title>02.07.1957: Luftbildaufnahme vom Luftschutzbunker Torstenssonstra\u00dfe - Vorbei e.V.<\/title>\n<meta name=\"description\" content=\"Luftbild (Bildausschnitt) vom Luftschutzbunker in der Torstenssonstra\u00dfe \/ Ecke Wallensteinstra\u00dfe. (Archiv der Region Hannover, Nachlass Koberg Nr. 465).\" \/>\n<meta name=\"robots\" content=\"index, follow, max-snippet:-1, max-image-preview:large, max-video-preview:-1\" \/>\n<link rel=\"canonical\" href=\"https:\/\/www.vorbei-ev.de\/wwwa\/1957\/07\/02\/02-07-1957-luftbildaufnahme-vom-luftschutzbunker-torstenssonstrasse\/\" \/>\n<meta property=\"og:locale\" content=\"de_DE\" \/>\n<meta property=\"og:type\" content=\"article\" \/>\n<meta property=\"og:title\" content=\"02.07.1957: Luftbildaufnahme vom Luftschutzbunker Torstenssonstra\u00dfe - Vorbei e.V.\" \/>\n<meta property=\"og:description\" content=\"Luftbild (Bildausschnitt) vom Luftschutzbunker in der Torstenssonstra\u00dfe \/ Ecke Wallensteinstra\u00dfe. (Archiv der Region Hannover, Nachlass Koberg Nr. 465).\" \/>\n<meta property=\"og:url\" content=\"https:\/\/www.vorbei-ev.de\/wwwa\/1957\/07\/02\/02-07-1957-luftbildaufnahme-vom-luftschutzbunker-torstenssonstrasse\/\" \/>\n<meta property=\"og:site_name\" content=\"Vorbei e.V.\" \/>\n<meta property=\"article:publisher\" content=\"https:\/\/www.facebook.com\/groups\/107150626035606\/\" \/>\n<meta property=\"article:published_time\" content=\"1957-07-02T11:00:05+00:00\" \/>\n<meta property=\"article:modified_time\" content=\"2020-06-13T07:07:10+00:00\" \/>\n<meta property=\"og:image\" content=\"https:\/\/www.vorbei-ev.de\/wwwa\/wp-content\/uploads\/2019\/03\/bunker_image_2019-02_09.jpg\" \/>\n\t<meta property=\"og:image:width\" content=\"800\" \/>\n\t<meta property=\"og:image:height\" content=\"625\" \/>\n\t<meta property=\"og:image:type\" content=\"image\/jpeg\" \/>\n<meta name=\"author\" content=\"Lars Knauer\" \/>\n<meta name=\"twitter:card\" content=\"summary_large_image\" \/>\n<meta name=\"twitter:image\" content=\"https:\/\/www.vorbei-ev.de\/wwwa\/wp-content\/uploads\/2019\/03\/bunker_image_2019-02_09.jpg\" \/>\n<meta name=\"twitter:label1\" content=\"Verfasst von\" \/>\n\t<meta name=\"twitter:data1\" content=\"Lars Knauer\" \/>\n<script type=\"application\/ld+json\" class=\"yoast-schema-graph\">{\"@context\":\"https:\\\/\\\/schema.org\",\"@graph\":[{\"@type\":\"Article\",\"@id\":\"https:\\\/\\\/www.vorbei-ev.de\\\/wwwa\\\/1957\\\/07\\\/02\\\/02-07-1957-luftbildaufnahme-vom-luftschutzbunker-torstenssonstrasse\\\/#article\",\"isPartOf\":{\"@id\":\"https:\\\/\\\/www.vorbei-ev.de\\\/wwwa\\\/1957\\\/07\\\/02\\\/02-07-1957-luftbildaufnahme-vom-luftschutzbunker-torstenssonstrasse\\\/\"},\"author\":{\"name\":\"Lars Knauer\",\"@id\":\"https:\\\/\\\/www.vorbei-ev.de\\\/wwwa\\\/#\\\/schema\\\/person\\\/73a85b6f1e47d7e120f5469e01829e53\"},\"headline\":\"02.07.1957: Luftbildaufnahme vom Luftschutzbunker Torstenssonstra\u00dfe\",\"datePublished\":\"1957-07-02T11:00:05+00:00\",\"dateModified\":\"2020-06-13T07:07:10+00:00\",\"mainEntityOfPage\":{\"@id\":\"https:\\\/\\\/www.vorbei-ev.de\\\/wwwa\\\/1957\\\/07\\\/02\\\/02-07-1957-luftbildaufnahme-vom-luftschutzbunker-torstenssonstrasse\\\/\"},\"wordCount\":74,\"publisher\":{\"@id\":\"https:\\\/\\\/www.vorbei-ev.de\\\/wwwa\\\/#organization\"},\"image\":{\"@id\":\"https:\\\/\\\/www.vorbei-ev.de\\\/wwwa\\\/1957\\\/07\\\/02\\\/02-07-1957-luftbildaufnahme-vom-luftschutzbunker-torstenssonstrasse\\\/#primaryimage\"},\"thumbnailUrl\":\"https:\\\/\\\/www.vorbei-ev.de\\\/wwwa\\\/wp-content\\\/uploads\\\/2019\\\/03\\\/bunker_hannover_bltitel_201902.jpg\",\"articleSection\":[\"Schutzbau Wallensteinstrasse\"],\"inLanguage\":\"de\"},{\"@type\":\"WebPage\",\"@id\":\"https:\\\/\\\/www.vorbei-ev.de\\\/wwwa\\\/1957\\\/07\\\/02\\\/02-07-1957-luftbildaufnahme-vom-luftschutzbunker-torstenssonstrasse\\\/\",\"url\":\"https:\\\/\\\/www.vorbei-ev.de\\\/wwwa\\\/1957\\\/07\\\/02\\\/02-07-1957-luftbildaufnahme-vom-luftschutzbunker-torstenssonstrasse\\\/\",\"name\":\"02.07.1957: Luftbildaufnahme vom Luftschutzbunker Torstenssonstra\u00dfe - Vorbei e.V.\",\"isPartOf\":{\"@id\":\"https:\\\/\\\/www.vorbei-ev.de\\\/wwwa\\\/#website\"},\"primaryImageOfPage\":{\"@id\":\"https:\\\/\\\/www.vorbei-ev.de\\\/wwwa\\\/1957\\\/07\\\/02\\\/02-07-1957-luftbildaufnahme-vom-luftschutzbunker-torstenssonstrasse\\\/#primaryimage\"},\"image\":{\"@id\":\"https:\\\/\\\/www.vorbei-ev.de\\\/wwwa\\\/1957\\\/07\\\/02\\\/02-07-1957-luftbildaufnahme-vom-luftschutzbunker-torstenssonstrasse\\\/#primaryimage\"},\"thumbnailUrl\":\"https:\\\/\\\/www.vorbei-ev.de\\\/wwwa\\\/wp-content\\\/uploads\\\/2019\\\/03\\\/bunker_hannover_bltitel_201902.jpg\",\"datePublished\":\"1957-07-02T11:00:05+00:00\",\"dateModified\":\"2020-06-13T07:07:10+00:00\",\"description\":\"Luftbild (Bildausschnitt) vom Luftschutzbunker in der Torstenssonstra\u00dfe \\\/ Ecke Wallensteinstra\u00dfe. (Archiv der Region Hannover, Nachlass Koberg Nr. 465).\",\"breadcrumb\":{\"@id\":\"https:\\\/\\\/www.vorbei-ev.de\\\/wwwa\\\/1957\\\/07\\\/02\\\/02-07-1957-luftbildaufnahme-vom-luftschutzbunker-torstenssonstrasse\\\/#breadcrumb\"},\"inLanguage\":\"de\",\"potentialAction\":[{\"@type\":\"ReadAction\",\"target\":[\"https:\\\/\\\/www.vorbei-ev.de\\\/wwwa\\\/1957\\\/07\\\/02\\\/02-07-1957-luftbildaufnahme-vom-luftschutzbunker-torstenssonstrasse\\\/\"]}]},{\"@type\":\"ImageObject\",\"inLanguage\":\"de\",\"@id\":\"https:\\\/\\\/www.vorbei-ev.de\\\/wwwa\\\/1957\\\/07\\\/02\\\/02-07-1957-luftbildaufnahme-vom-luftschutzbunker-torstenssonstrasse\\\/#primaryimage\",\"url\":\"https:\\\/\\\/www.vorbei-ev.de\\\/wwwa\\\/wp-content\\\/uploads\\\/2019\\\/03\\\/bunker_hannover_bltitel_201902.jpg\",\"contentUrl\":\"https:\\\/\\\/www.vorbei-ev.de\\\/wwwa\\\/wp-content\\\/uploads\\\/2019\\\/03\\\/bunker_hannover_bltitel_201902.jpg\",\"width\":450,\"height\":450},{\"@type\":\"BreadcrumbList\",\"@id\":\"https:\\\/\\\/www.vorbei-ev.de\\\/wwwa\\\/1957\\\/07\\\/02\\\/02-07-1957-luftbildaufnahme-vom-luftschutzbunker-torstenssonstrasse\\\/#breadcrumb\",\"itemListElement\":[{\"@type\":\"ListItem\",\"position\":1,\"name\":\"Startseite\",\"item\":\"https:\\\/\\\/www.vorbei-ev.de\\\/wwwa\\\/\"},{\"@type\":\"ListItem\",\"position\":2,\"name\":\"02.07.1957: Luftbildaufnahme vom Luftschutzbunker Torstenssonstra\u00dfe\"}]},{\"@type\":\"WebSite\",\"@id\":\"https:\\\/\\\/www.vorbei-ev.de\\\/wwwa\\\/#website\",\"url\":\"https:\\\/\\\/www.vorbei-ev.de\\\/wwwa\\\/\",\"name\":\"Vorbei e.V.\",\"description\":\"Dokumentation und Erhalt zeitgeschichtlicher Bauwerke\",\"publisher\":{\"@id\":\"https:\\\/\\\/www.vorbei-ev.de\\\/wwwa\\\/#organization\"},\"potentialAction\":[{\"@type\":\"SearchAction\",\"target\":{\"@type\":\"EntryPoint\",\"urlTemplate\":\"https:\\\/\\\/www.vorbei-ev.de\\\/wwwa\\\/?s={search_term_string}\"},\"query-input\":{\"@type\":\"PropertyValueSpecification\",\"valueRequired\":true,\"valueName\":\"search_term_string\"}}],\"inLanguage\":\"de\"},{\"@type\":\"Organization\",\"@id\":\"https:\\\/\\\/www.vorbei-ev.de\\\/wwwa\\\/#organization\",\"name\":\"Vorbei e.V.\",\"url\":\"https:\\\/\\\/www.vorbei-ev.de\\\/wwwa\\\/\",\"logo\":{\"@type\":\"ImageObject\",\"inLanguage\":\"de\",\"@id\":\"https:\\\/\\\/www.vorbei-ev.de\\\/wwwa\\\/#\\\/schema\\\/logo\\\/image\\\/\",\"url\":\"https:\\\/\\\/www.vorbei-ev.de\\\/wwwa\\\/wp-content\\\/uploads\\\/2017\\\/04\\\/Logo_schwarz_640px.png\",\"contentUrl\":\"https:\\\/\\\/www.vorbei-ev.de\\\/wwwa\\\/wp-content\\\/uploads\\\/2017\\\/04\\\/Logo_schwarz_640px.png\",\"width\":640,\"height\":120,\"caption\":\"Vorbei e.V.\"},\"image\":{\"@id\":\"https:\\\/\\\/www.vorbei-ev.de\\\/wwwa\\\/#\\\/schema\\\/logo\\\/image\\\/\"},\"sameAs\":[\"https:\\\/\\\/www.facebook.com\\\/groups\\\/107150626035606\\\/\"]},{\"@type\":\"Person\",\"@id\":\"https:\\\/\\\/www.vorbei-ev.de\\\/wwwa\\\/#\\\/schema\\\/person\\\/73a85b6f1e47d7e120f5469e01829e53\",\"name\":\"Lars Knauer\",\"image\":{\"@type\":\"ImageObject\",\"inLanguage\":\"de\",\"@id\":\"https:\\\/\\\/secure.gravatar.com\\\/avatar\\\/c136720ef8906c1f38a1bab0adc43160b1ccd6793f5abe75d6ea003e09b6c569?s=96&d=mm&r=g\",\"url\":\"https:\\\/\\\/secure.gravatar.com\\\/avatar\\\/c136720ef8906c1f38a1bab0adc43160b1ccd6793f5abe75d6ea003e09b6c569?s=96&d=mm&r=g\",\"contentUrl\":\"https:\\\/\\\/secure.gravatar.com\\\/avatar\\\/c136720ef8906c1f38a1bab0adc43160b1ccd6793f5abe75d6ea003e09b6c569?s=96&d=mm&r=g\",\"caption\":\"Lars Knauer\"},\"url\":\"https:\\\/\\\/www.vorbei-ev.de\\\/wwwa\\\/author\\\/lars\\\/\"}]}<\/script>\n<!-- \/ Yoast SEO plugin. -->","yoast_head_json":{"title":"02.07.1957: Luftbildaufnahme vom Luftschutzbunker Torstenssonstra\u00dfe - Vorbei e.V.","description":"Luftbild (Bildausschnitt) vom Luftschutzbunker in der Torstenssonstra\u00dfe \/ Ecke Wallensteinstra\u00dfe. (Archiv der Region Hannover, Nachlass Koberg Nr. 465).","robots":{"index":"index","follow":"follow","max-snippet":"max-snippet:-1","max-image-preview":"max-image-preview:large","max-video-preview":"max-video-preview:-1"},"canonical":"https:\/\/www.vorbei-ev.de\/wwwa\/1957\/07\/02\/02-07-1957-luftbildaufnahme-vom-luftschutzbunker-torstenssonstrasse\/","og_locale":"de_DE","og_type":"article","og_title":"02.07.1957: Luftbildaufnahme vom Luftschutzbunker Torstenssonstra\u00dfe - Vorbei e.V.","og_description":"Luftbild (Bildausschnitt) vom Luftschutzbunker in der Torstenssonstra\u00dfe \/ Ecke Wallensteinstra\u00dfe. (Archiv der Region Hannover, Nachlass Koberg Nr. 465).","og_url":"https:\/\/www.vorbei-ev.de\/wwwa\/1957\/07\/02\/02-07-1957-luftbildaufnahme-vom-luftschutzbunker-torstenssonstrasse\/","og_site_name":"Vorbei e.V.","article_publisher":"https:\/\/www.facebook.com\/groups\/107150626035606\/","article_published_time":"1957-07-02T11:00:05+00:00","article_modified_time":"2020-06-13T07:07:10+00:00","og_image":[{"width":800,"height":625,"url":"https:\/\/www.vorbei-ev.de\/wwwa\/wp-content\/uploads\/2019\/03\/bunker_image_2019-02_09.jpg","type":"image\/jpeg"}],"author":"Lars Knauer","twitter_card":"summary_large_image","twitter_image":"https:\/\/www.vorbei-ev.de\/wwwa\/wp-content\/uploads\/2019\/03\/bunker_image_2019-02_09.jpg","twitter_misc":{"Verfasst von":"Lars Knauer"},"schema":{"@context":"https:\/\/schema.org","@graph":[{"@type":"Article","@id":"https:\/\/www.vorbei-ev.de\/wwwa\/1957\/07\/02\/02-07-1957-luftbildaufnahme-vom-luftschutzbunker-torstenssonstrasse\/#article","isPartOf":{"@id":"https:\/\/www.vorbei-ev.de\/wwwa\/1957\/07\/02\/02-07-1957-luftbildaufnahme-vom-luftschutzbunker-torstenssonstrasse\/"},"author":{"name":"Lars Knauer","@id":"https:\/\/www.vorbei-ev.de\/wwwa\/#\/schema\/person\/73a85b6f1e47d7e120f5469e01829e53"},"headline":"02.07.1957: Luftbildaufnahme vom Luftschutzbunker Torstenssonstra\u00dfe","datePublished":"1957-07-02T11:00:05+00:00","dateModified":"2020-06-13T07:07:10+00:00","mainEntityOfPage":{"@id":"https:\/\/www.vorbei-ev.de\/wwwa\/1957\/07\/02\/02-07-1957-luftbildaufnahme-vom-luftschutzbunker-torstenssonstrasse\/"},"wordCount":74,"publisher":{"@id":"https:\/\/www.vorbei-ev.de\/wwwa\/#organization"},"image":{"@id":"https:\/\/www.vorbei-ev.de\/wwwa\/1957\/07\/02\/02-07-1957-luftbildaufnahme-vom-luftschutzbunker-torstenssonstrasse\/#primaryimage"},"thumbnailUrl":"https:\/\/www.vorbei-ev.de\/wwwa\/wp-content\/uploads\/2019\/03\/bunker_hannover_bltitel_201902.jpg","articleSection":["Schutzbau Wallensteinstrasse"],"inLanguage":"de"},{"@type":"WebPage","@id":"https:\/\/www.vorbei-ev.de\/wwwa\/1957\/07\/02\/02-07-1957-luftbildaufnahme-vom-luftschutzbunker-torstenssonstrasse\/","url":"https:\/\/www.vorbei-ev.de\/wwwa\/1957\/07\/02\/02-07-1957-luftbildaufnahme-vom-luftschutzbunker-torstenssonstrasse\/","name":"02.07.1957: Luftbildaufnahme vom Luftschutzbunker Torstenssonstra\u00dfe - Vorbei e.V.","isPartOf":{"@id":"https:\/\/www.vorbei-ev.de\/wwwa\/#website"},"primaryImageOfPage":{"@id":"https:\/\/www.vorbei-ev.de\/wwwa\/1957\/07\/02\/02-07-1957-luftbildaufnahme-vom-luftschutzbunker-torstenssonstrasse\/#primaryimage"},"image":{"@id":"https:\/\/www.vorbei-ev.de\/wwwa\/1957\/07\/02\/02-07-1957-luftbildaufnahme-vom-luftschutzbunker-torstenssonstrasse\/#primaryimage"},"thumbnailUrl":"https:\/\/www.vorbei-ev.de\/wwwa\/wp-content\/uploads\/2019\/03\/bunker_hannover_bltitel_201902.jpg","datePublished":"1957-07-02T11:00:05+00:00","dateModified":"2020-06-13T07:07:10+00:00","description":"Luftbild (Bildausschnitt) vom Luftschutzbunker in der Torstenssonstra\u00dfe \/ Ecke Wallensteinstra\u00dfe. (Archiv der Region Hannover, Nachlass Koberg Nr. 465).","breadcrumb":{"@id":"https:\/\/www.vorbei-ev.de\/wwwa\/1957\/07\/02\/02-07-1957-luftbildaufnahme-vom-luftschutzbunker-torstenssonstrasse\/#breadcrumb"},"inLanguage":"de","potentialAction":[{"@type":"ReadAction","target":["https:\/\/www.vorbei-ev.de\/wwwa\/1957\/07\/02\/02-07-1957-luftbildaufnahme-vom-luftschutzbunker-torstenssonstrasse\/"]}]},{"@type":"ImageObject","inLanguage":"de","@id":"https:\/\/www.vorbei-ev.de\/wwwa\/1957\/07\/02\/02-07-1957-luftbildaufnahme-vom-luftschutzbunker-torstenssonstrasse\/#primaryimage","url":"https:\/\/www.vorbei-ev.de\/wwwa\/wp-content\/uploads\/2019\/03\/bunker_hannover_bltitel_201902.jpg","contentUrl":"https:\/\/www.vorbei-ev.de\/wwwa\/wp-content\/uploads\/2019\/03\/bunker_hannover_bltitel_201902.jpg","width":450,"height":450},{"@type":"BreadcrumbList","@id":"https:\/\/www.vorbei-ev.de\/wwwa\/1957\/07\/02\/02-07-1957-luftbildaufnahme-vom-luftschutzbunker-torstenssonstrasse\/#breadcrumb","itemListElement":[{"@type":"ListItem","position":1,"name":"Startseite","item":"https:\/\/www.vorbei-ev.de\/wwwa\/"},{"@type":"ListItem","position":2,"name":"02.07.1957: Luftbildaufnahme vom Luftschutzbunker Torstenssonstra\u00dfe"}]},{"@type":"WebSite","@id":"https:\/\/www.vorbei-ev.de\/wwwa\/#website","url":"https:\/\/www.vorbei-ev.de\/wwwa\/","name":"Vorbei e.V.","description":"Dokumentation und Erhalt zeitgeschichtlicher Bauwerke","publisher":{"@id":"https:\/\/www.vorbei-ev.de\/wwwa\/#organization"},"potentialAction":[{"@type":"SearchAction","target":{"@type":"EntryPoint","urlTemplate":"https:\/\/www.vorbei-ev.de\/wwwa\/?s={search_term_string}"},"query-input":{"@type":"PropertyValueSpecification","valueRequired":true,"valueName":"search_term_string"}}],"inLanguage":"de"},{"@type":"Organization","@id":"https:\/\/www.vorbei-ev.de\/wwwa\/#organization","name":"Vorbei e.V.","url":"https:\/\/www.vorbei-ev.de\/wwwa\/","logo":{"@type":"ImageObject","inLanguage":"de","@id":"https:\/\/www.vorbei-ev.de\/wwwa\/#\/schema\/logo\/image\/","url":"https:\/\/www.vorbei-ev.de\/wwwa\/wp-content\/uploads\/2017\/04\/Logo_schwarz_640px.png","contentUrl":"https:\/\/www.vorbei-ev.de\/wwwa\/wp-content\/uploads\/2017\/04\/Logo_schwarz_640px.png","width":640,"height":120,"caption":"Vorbei e.V."},"image":{"@id":"https:\/\/www.vorbei-ev.de\/wwwa\/#\/schema\/logo\/image\/"},"sameAs":["https:\/\/www.facebook.com\/groups\/107150626035606\/"]},{"@type":"Person","@id":"https:\/\/www.vorbei-ev.de\/wwwa\/#\/schema\/person\/73a85b6f1e47d7e120f5469e01829e53","name":"Lars Knauer","image":{"@type":"ImageObject","inLanguage":"de","@id":"https:\/\/secure.gravatar.com\/avatar\/c136720ef8906c1f38a1bab0adc43160b1ccd6793f5abe75d6ea003e09b6c569?s=96&d=mm&r=g","url":"https:\/\/secure.gravatar.com\/avatar\/c136720ef8906c1f38a1bab0adc43160b1ccd6793f5abe75d6ea003e09b6c569?s=96&d=mm&r=g","contentUrl":"https:\/\/secure.gravatar.com\/avatar\/c136720ef8906c1f38a1bab0adc43160b1ccd6793f5abe75d6ea003e09b6c569?s=96&d=mm&r=g","caption":"Lars Knauer"},"url":"https:\/\/www.vorbei-ev.de\/wwwa\/author\/lars\/"}]}},"_links":{"self":[{"href":"https:\/\/www.vorbei-ev.de\/wwwa\/wp-json\/wp\/v2\/posts\/7834","targetHints":{"allow":["GET"]}}],"collection":[{"href":"https:\/\/www.vorbei-ev.de\/wwwa\/wp-json\/wp\/v2\/posts"}],"about":[{"href":"https:\/\/www.vorbei-ev.de\/wwwa\/wp-json\/wp\/v2\/types\/post"}],"author":[{"embeddable":true,"href":"https:\/\/www.vorbei-ev.de\/wwwa\/wp-json\/wp\/v2\/users\/2"}],"replies":[{"embeddable":true,"href":"https:\/\/www.vorbei-ev.de\/wwwa\/wp-json\/wp\/v2\/comments?post=7834"}],"version-history":[{"count":3,"href":"https:\/\/www.vorbei-ev.de\/wwwa\/wp-json\/wp\/v2\/posts\/7834\/revisions"}],"predecessor-version":[{"id":7837,"href":"https:\/\/www.vorbei-ev.de\/wwwa\/wp-json\/wp\/v2\/posts\/7834\/revisions\/7837"}],"wp:featuredmedia":[{"embeddable":true,"href":"https:\/\/www.vorbei-ev.de\/wwwa\/wp-json\/wp\/v2\/media\/7416"}],"wp:attachment":[{"href":"https:\/\/www.vorbei-ev.de\/wwwa\/wp-json\/wp\/v2\/media?parent=7834"}],"wp:term":[{"taxonomy":"category","embeddable":true,"href":"https:\/\/www.vorbei-ev.de\/wwwa\/wp-json\/wp\/v2\/categories?post=7834"},{"taxonomy":"post_tag","embeddable":true,"href":"https:\/\/www.vorbei-ev.de\/wwwa\/wp-json\/wp\/v2\/tags?post=7834"}],"curies":[{"name":"wp","href":"https:\/\/api.w.org\/{rel}","templated":true}]}}