{"id":10005,"date":"2023-11-17T19:42:23","date_gmt":"2023-11-17T18:42:23","guid":{"rendered":"https:\/\/www.vorbei-ev.de\/wwwa\/?p=10005"},"modified":"2023-11-17T19:42:23","modified_gmt":"2023-11-17T18:42:23","slug":"vereinsaktivitaeten-im-oktober-2023","status":"publish","type":"post","link":"https:\/\/www.vorbei-ev.de\/wwwa\/2023\/11\/17\/vereinsaktivitaeten-im-oktober-2023\/","title":{"rendered":"Vereinsaktivit\u00e4ten im Oktober 2023"},"content":{"rendered":"<p>Im Oktober wurde unsere F57-Fernvermittlung in der Fernsprechvermittlung (Raum 01) der GSVBw 22 Elmlohe einer Funktions- und Sichtpr\u00fcfung unterzogen. Die GSVBw-Fernsprechvermittlung besteht aus 6 Vermittlungspl\u00e4tzen, die identisch aufgebaut sind. Jeder Vermittlungsplatz verf\u00fcgt \u00fcber ein Klinkenfeld mit jeweils 90 Klinkeneinheiten. F\u00fcr die Schaltung der Fernsprechverbindungen ist jeder Vermittlungsplatz mit 12 Schnurpaaren und einem Nummernschalter (W\u00e4hlscheibe) ausgestattet worden.<\/p>\n<p>Neben der Vermittlungsfunktion \u00fcberpr\u00fcfen wir auch die Notbeleuchtung, die in den Arbeitspl\u00e4tzen 2, 4 und 6 eingebaut wurde. Zus\u00e4tzlich haben wir die R\u00fcckseite der Fernvermittlung f\u00fcr eine Sichtpr\u00fcfung abgenommen.<\/p>\n<p>Die fernmeldetechnischen Einrichtungen, die zum Betrieb der F57-Fernvermittlung ben\u00f6tigt werden, befinden sich im Raum 02 (Verteilerraum). Dort wurden mehrere Gestellrahmen in einer Fm-Gestellreihe installiert, in denen sich verschiedene Klinken\u00fcbertragungss\u00e4tze (KlUe) befinden. F\u00fcr jede Anschaltungsform (Nebenstellenanlage, Amtsanschluss, Zentralbatterie, Ortsbatterie) sind hier KlUe vorhanden.<\/p>\n<figure id=\"attachment_10002\" aria-describedby=\"caption-attachment-10002\" style=\"width: 800px\" class=\"wp-caption aligncenter\"><img loading=\"lazy\" decoding=\"async\" class=\"size-full wp-image-10002\" src=\"https:\/\/www.vorbei-ev.de\/wwwa\/wp-content\/uploads\/2023\/11\/bunker_2023-10_11.jpg\" alt=\"Die Arbeitspl\u00e4tze an der F57-Fernsprechvermittlung sind mit Klinkenfeldern und Vermittlungsschn\u00fcren ausgestattet. Die Notbeleuchtungslampen werden automatisch eingeschaltet, wenn sie aus dem Vermittlungsschrank herausgezogen werden.\" width=\"800\" height=\"600\" srcset=\"https:\/\/www.vorbei-ev.de\/wwwa\/wp-content\/uploads\/2023\/11\/bunker_2023-10_11.jpg 800w, https:\/\/www.vorbei-ev.de\/wwwa\/wp-content\/uploads\/2023\/11\/bunker_2023-10_11-400x300.jpg 400w, https:\/\/www.vorbei-ev.de\/wwwa\/wp-content\/uploads\/2023\/11\/bunker_2023-10_11-768x576.jpg 768w\" sizes=\"auto, (max-width: 706px) 89vw, (max-width: 767px) 82vw, 740px\" \/><figcaption id=\"caption-attachment-10002\" class=\"wp-caption-text\">Die Arbeitspl\u00e4tze an der F57-Fernsprechvermittlung sind mit Klinkenfeldern und Vermittlungsschn\u00fcren ausgestattet. Die Notbeleuchtungslampen werden automatisch eingeschaltet, wenn sie aus dem Vermittlungsschrank herausgezogen werden.<\/figcaption><\/figure>\n<figure id=\"attachment_9998\" aria-describedby=\"caption-attachment-9998\" style=\"width: 800px\" class=\"wp-caption aligncenter\"><img loading=\"lazy\" decoding=\"async\" class=\"size-full wp-image-9998\" src=\"https:\/\/www.vorbei-ev.de\/wwwa\/wp-content\/uploads\/2023\/11\/bunker_2023-10_07.jpg\" alt=\"Auf der R\u00fcckseite der F57-Fernvermittlung wurden 2 h\u00f6lzerne R\u00fcckw\u00e4nde abgenommen. Hinter jeder abgenommenen R\u00fcckwand befinden sich 5 Relaisbaugruppen, die mit Abdeckungen gesch\u00fctzt sind.\" width=\"800\" height=\"600\" srcset=\"https:\/\/www.vorbei-ev.de\/wwwa\/wp-content\/uploads\/2023\/11\/bunker_2023-10_07.jpg 800w, https:\/\/www.vorbei-ev.de\/wwwa\/wp-content\/uploads\/2023\/11\/bunker_2023-10_07-400x300.jpg 400w, https:\/\/www.vorbei-ev.de\/wwwa\/wp-content\/uploads\/2023\/11\/bunker_2023-10_07-768x576.jpg 768w\" sizes=\"auto, (max-width: 706px) 89vw, (max-width: 767px) 82vw, 740px\" \/><figcaption id=\"caption-attachment-9998\" class=\"wp-caption-text\">Um eine Sichtkontrolle durchzuf\u00fchren, haben wir die R\u00fcckw\u00e4nde der F57-Fernvermittlung abgenommen. Die Relaisbaugruppen wurden mit Abdeckungen versehen, um die Relais vor Verschmutzung und mechanischer Besch\u00e4digung zu sch\u00fctzen.<\/figcaption><\/figure>\n<figure id=\"attachment_9999\" aria-describedby=\"caption-attachment-9999\" style=\"width: 800px\" class=\"wp-caption aligncenter\"><img loading=\"lazy\" decoding=\"async\" class=\"size-full wp-image-9999\" src=\"https:\/\/www.vorbei-ev.de\/wwwa\/wp-content\/uploads\/2023\/11\/bunker_2023-10_08.jpg\" alt=\"Darstellung der Relaisbaugruppen ohne Abdeckung. Die Baugruppen sind mit Fernmelde-Flachrelais (Typ 48) aufgebaut. Eine gebundene Drahtform stellt die elektrischen Verbindungen zwischen den einzelnen Komponenten her.\" width=\"800\" height=\"600\" srcset=\"https:\/\/www.vorbei-ev.de\/wwwa\/wp-content\/uploads\/2023\/11\/bunker_2023-10_08.jpg 800w, https:\/\/www.vorbei-ev.de\/wwwa\/wp-content\/uploads\/2023\/11\/bunker_2023-10_08-400x300.jpg 400w, https:\/\/www.vorbei-ev.de\/wwwa\/wp-content\/uploads\/2023\/11\/bunker_2023-10_08-768x576.jpg 768w\" sizes=\"auto, (max-width: 706px) 89vw, (max-width: 767px) 82vw, 740px\" \/><figcaption id=\"caption-attachment-9999\" class=\"wp-caption-text\">Ohne Abdeckung: Die Baugruppen sind mit Fernmelde-Flachrelais (Typ 48) aufgebaut. Eine gebundene Drahtform stellt die elektrischen Verbindungen zwischen den einzelnen Komponenten her.<\/figcaption><\/figure>\n<figure id=\"attachment_10001\" aria-describedby=\"caption-attachment-10001\" style=\"width: 800px\" class=\"wp-caption aligncenter\"><img loading=\"lazy\" decoding=\"async\" class=\"size-full wp-image-10001\" src=\"https:\/\/www.vorbei-ev.de\/wwwa\/wp-content\/uploads\/2023\/11\/bunker_2023-10_10.jpg\" alt=\"Detailaufnahme der Flachrelais Typ 48.\" width=\"800\" height=\"600\" srcset=\"https:\/\/www.vorbei-ev.de\/wwwa\/wp-content\/uploads\/2023\/11\/bunker_2023-10_10.jpg 800w, https:\/\/www.vorbei-ev.de\/wwwa\/wp-content\/uploads\/2023\/11\/bunker_2023-10_10-400x300.jpg 400w, https:\/\/www.vorbei-ev.de\/wwwa\/wp-content\/uploads\/2023\/11\/bunker_2023-10_10-768x576.jpg 768w\" sizes=\"auto, (max-width: 706px) 89vw, (max-width: 767px) 82vw, 740px\" \/><figcaption id=\"caption-attachment-10001\" class=\"wp-caption-text\">Detailaufnahme der Flachrelais Typ 48.<\/figcaption><\/figure>\n<figure id=\"attachment_10000\" aria-describedby=\"caption-attachment-10000\" style=\"width: 800px\" class=\"wp-caption aligncenter\"><img loading=\"lazy\" decoding=\"async\" class=\"size-full wp-image-10000\" src=\"https:\/\/www.vorbei-ev.de\/wwwa\/wp-content\/uploads\/2023\/11\/bunker_2023-10_09.jpg\" alt=\"Bei ge\u00f6ffneter R\u00fcckwand wird die aufw\u00e4ndige Verdrahtung der einzelnen Fernsprech-Klinken deutlich.\" width=\"800\" height=\"600\" srcset=\"https:\/\/www.vorbei-ev.de\/wwwa\/wp-content\/uploads\/2023\/11\/bunker_2023-10_09.jpg 800w, https:\/\/www.vorbei-ev.de\/wwwa\/wp-content\/uploads\/2023\/11\/bunker_2023-10_09-400x300.jpg 400w, https:\/\/www.vorbei-ev.de\/wwwa\/wp-content\/uploads\/2023\/11\/bunker_2023-10_09-768x576.jpg 768w\" sizes=\"auto, (max-width: 706px) 89vw, (max-width: 767px) 82vw, 740px\" \/><figcaption id=\"caption-attachment-10000\" class=\"wp-caption-text\">Bei ge\u00f6ffneter R\u00fcckwand wird die aufw\u00e4ndige Verdrahtung der einzelnen Fernsprech-Klinken deutlich.<\/figcaption><\/figure>\n<p>&nbsp;<\/p>\n<p>Im Museumsbunker Hannover f\u00fchrten wir einen Probelauf der Abluftanlage durch. \u00dcber die manuelle Steuerung wurde zun\u00e4chst die pneumatisch bet\u00e4tigte Abluftklappe im Abluftkanal ge\u00f6ffnet. Die Frischluftzufuhr erfolgte \u00fcber den ge\u00f6ffneten Filteranbau \u2013 und nicht \u00fcber die Zuluftgebl\u00e4se. Anschlie\u00dfend wurden die drei Abluftgebl\u00e4se \u201eA\u201c, \u201eB\u201c und \u201eC\u201c eingeschaltet.<\/p>\n<p>Die Abluftgebl\u00e4se \u201eA\u201c und \u201eB\u201c sind Bestandteil der Normalbel\u00fcftungsanlage. Aufgrund der hohen Einschaltstr\u00f6me werden diese Motoren zun\u00e4chst in \u201eSternschaltung\u201c angelassen und nach ca. 20 Sekunden f\u00fcr den Dauereinsatz in der \u201eDreieckschaltung\u201c betrieben. Die F\u00f6rderleistung betr\u00e4gt f\u00fcr jedes Gebl\u00e4se 11.500m3 in der Stunde.<\/p>\n<p>Das Abluftgebl\u00e4se \u201eC\u201c wird im Schutzluftbetrieb eingesetzt. Dieses Gebl\u00e4se f\u00f6rdert 1.700m3 in der Stunde.<\/p>\n<p>Bevor die L\u00fcftungstechnik im Bunker in Betrieb genommen wird, ist es besonders wichtig, die Eigenschaften der Luft im Bunker sowie im Au\u00dfenbereich zu pr\u00fcfen und zu vergleichen. Bei falschen Klimaverh\u00e4ltnissen besteht die Gefahr, dass Feuchtigkeit in den Bunker gelangt, die sich in Form von Kondenswasser auf der Ausstattung niederschl\u00e4gt. Um solche Situationen zu vermeiden, wird laufend der Taupunkt der Innen- und Au\u00dfenluft berechnet und daraus ein Differenzwert ermittelt. Je nach Differenzwert signalisiert uns das System, ob die Bel\u00fcftungsanlage problemlos betrieben werden kann \u2013 oder ob man besser auf die Bel\u00fcftung verzichten sollte.<\/p>\n<figure id=\"attachment_9992\" aria-describedby=\"caption-attachment-9992\" style=\"width: 800px\" class=\"wp-caption aligncenter\"><img loading=\"lazy\" decoding=\"async\" class=\"size-full wp-image-9992\" src=\"https:\/\/www.vorbei-ev.de\/wwwa\/wp-content\/uploads\/2023\/11\/bunker_2023-10_01.jpg\" alt=\"Auf dem Kontroll- und Meldefeld sind die drei Abl\u00fcfter &quot;A&quot;, &quot;B&quot; und &quot;C&quot; dargestellt. Mittig in jeder Abbildung ist eine Kontrolllampe platziert. Diese Kontrolllampen leuchten bei allen drei Abluftgebl\u00e4sen auf, da die Gebl\u00e4se eingeschaltet wurden. Rechts daneben ist eine Ventilklappe dargestellt Auch dort signalisiert eine Kontrolllampe, dass das Ventil ge\u00f6ffnet ist.\" width=\"800\" height=\"533\" srcset=\"https:\/\/www.vorbei-ev.de\/wwwa\/wp-content\/uploads\/2023\/11\/bunker_2023-10_01.jpg 800w, https:\/\/www.vorbei-ev.de\/wwwa\/wp-content\/uploads\/2023\/11\/bunker_2023-10_01-400x267.jpg 400w, https:\/\/www.vorbei-ev.de\/wwwa\/wp-content\/uploads\/2023\/11\/bunker_2023-10_01-768x512.jpg 768w\" sizes=\"auto, (max-width: 706px) 89vw, (max-width: 767px) 82vw, 740px\" \/><figcaption id=\"caption-attachment-9992\" class=\"wp-caption-text\">Auf dem Kontroll- und Meldefeld im Dienstraum des Bunkerwarts wird der Betriebszustand der Bel\u00fcftungsanlage angezeigt. Die Abl\u00fcfter &#8222;A&#8220;, &#8222;B&#8220; und &#8222;C&#8220; sind eingeschaltet. Die Abluftklappe (Ventil 9) ist ge\u00f6ffnet.<\/figcaption><\/figure>\n<figure id=\"attachment_9993\" aria-describedby=\"caption-attachment-9993\" style=\"width: 800px\" class=\"wp-caption aligncenter\"><img loading=\"lazy\" decoding=\"async\" class=\"size-full wp-image-9993\" src=\"https:\/\/www.vorbei-ev.de\/wwwa\/wp-content\/uploads\/2023\/11\/bunker_2023-10_02.jpg\" alt=\"Detailaufnahme vom Abluftgebl\u00e4se &quot;A&quot; im Abluftkanal. Alle Abluftgebl\u00e4se sind als Axial-L\u00fcfter ausgef\u00fchrt.\" width=\"800\" height=\"533\" srcset=\"https:\/\/www.vorbei-ev.de\/wwwa\/wp-content\/uploads\/2023\/11\/bunker_2023-10_02.jpg 800w, https:\/\/www.vorbei-ev.de\/wwwa\/wp-content\/uploads\/2023\/11\/bunker_2023-10_02-400x267.jpg 400w, https:\/\/www.vorbei-ev.de\/wwwa\/wp-content\/uploads\/2023\/11\/bunker_2023-10_02-768x512.jpg 768w\" sizes=\"auto, (max-width: 706px) 89vw, (max-width: 767px) 82vw, 740px\" \/><figcaption id=\"caption-attachment-9993\" class=\"wp-caption-text\">Das Abluftgebl\u00e4se &#8222;A&#8220; im Abluftkanal. Alle Abluftgebl\u00e4se sind als Axial-L\u00fcfter ausgef\u00fchrt.<\/figcaption><\/figure>\n<figure id=\"attachment_9994\" aria-describedby=\"caption-attachment-9994\" style=\"width: 800px\" class=\"wp-caption aligncenter\"><img loading=\"lazy\" decoding=\"async\" class=\"size-full wp-image-9994\" src=\"https:\/\/www.vorbei-ev.de\/wwwa\/wp-content\/uploads\/2023\/11\/bunker_2023-10_03.jpg\" alt=\"Gesamtaufnahme der drei Abluftgebl\u00e4se &quot;A&quot;, &quot;B&quot; und &quot;C&quot; (von oben nach unten). Auf der rechten Seite befindet sich der Haupt-Abluftkanal, in dem die Abluftkan\u00e4le aus dem Bunker zusammengef\u00fchrt werden. Auf der linken Seite befindet sich die Abluftklappe. Die Abluftgebl\u00e4se und die Abluftklappe k\u00f6nnen mit den Drucktastern direkt vor Ort oder zentral \u00fcber die Steuerelemente im Hauptschaltfeld ein- und ausgeschaltet werden.\" width=\"800\" height=\"533\" srcset=\"https:\/\/www.vorbei-ev.de\/wwwa\/wp-content\/uploads\/2023\/11\/bunker_2023-10_03.jpg 800w, https:\/\/www.vorbei-ev.de\/wwwa\/wp-content\/uploads\/2023\/11\/bunker_2023-10_03-400x267.jpg 400w, https:\/\/www.vorbei-ev.de\/wwwa\/wp-content\/uploads\/2023\/11\/bunker_2023-10_03-768x512.jpg 768w\" sizes=\"auto, (max-width: 706px) 89vw, (max-width: 767px) 82vw, 740px\" \/><figcaption id=\"caption-attachment-9994\" class=\"wp-caption-text\">Gesamtaufnahme der drei Abluftgebl\u00e4se &#8222;A&#8220;, &#8222;B&#8220; und &#8222;C&#8220; (von oben nach unten). Auf der rechten Seite befindet sich der Haupt-Abluftkanal, in dem die Abluftkan\u00e4le aus dem Bunker zusammengef\u00fchrt werden. Auf der linken Seite befindet sich die Abluftklappe. Die Abluftgebl\u00e4se und die Abluftklappe k\u00f6nnen mit den Drucktastern direkt vor Ort oder zentral \u00fcber die Steuerelemente im Hauptschaltfeld ein- und ausgeschaltet werden.<\/figcaption><\/figure>\n<figure id=\"attachment_9995\" aria-describedby=\"caption-attachment-9995\" style=\"width: 800px\" class=\"wp-caption aligncenter\"><img loading=\"lazy\" decoding=\"async\" class=\"size-full wp-image-9995\" src=\"https:\/\/www.vorbei-ev.de\/wwwa\/wp-content\/uploads\/2023\/11\/bunker_2023-10_04.jpg\" alt=\"Am Abluftkanal sind Hinweisschilder angebracht, auf denen die Bezeichnung der Abluftgebl\u00e4se sowie die F\u00f6rderleistung vermerkt ist. Rechts daneben befindet sich eine Wartungsklappe, die den Zugang zum Abluftkanal erm\u00f6glicht.\" width=\"800\" height=\"533\" srcset=\"https:\/\/www.vorbei-ev.de\/wwwa\/wp-content\/uploads\/2023\/11\/bunker_2023-10_04.jpg 800w, https:\/\/www.vorbei-ev.de\/wwwa\/wp-content\/uploads\/2023\/11\/bunker_2023-10_04-400x267.jpg 400w, https:\/\/www.vorbei-ev.de\/wwwa\/wp-content\/uploads\/2023\/11\/bunker_2023-10_04-768x512.jpg 768w\" sizes=\"auto, (max-width: 706px) 89vw, (max-width: 767px) 82vw, 740px\" \/><figcaption id=\"caption-attachment-9995\" class=\"wp-caption-text\">Am Abluftkanal sind Hinweisschilder angebracht, auf denen die Bezeichnung der Abluftgebl\u00e4se sowie die F\u00f6rderleistung vermerkt ist. Rechts daneben befindet sich eine Wartungsklappe, die den Zugang zum Abluftkanal erm\u00f6glicht.<\/figcaption><\/figure>\n<figure id=\"attachment_9996\" aria-describedby=\"caption-attachment-9996\" style=\"width: 800px\" class=\"wp-caption aligncenter\"><img loading=\"lazy\" decoding=\"async\" class=\"size-full wp-image-9996\" src=\"https:\/\/www.vorbei-ev.de\/wwwa\/wp-content\/uploads\/2023\/11\/bunker_2023-10_05.jpg\" alt=\"Auf dem Abluftkanal ist ein wei\u00dfes Hinweisschild befestigt. Darauf steht: Abluft bei Normalluftbetrieb 11.500 m3 pro Stunde. Abl\u00fcfter A.\" width=\"800\" height=\"533\" srcset=\"https:\/\/www.vorbei-ev.de\/wwwa\/wp-content\/uploads\/2023\/11\/bunker_2023-10_05.jpg 800w, https:\/\/www.vorbei-ev.de\/wwwa\/wp-content\/uploads\/2023\/11\/bunker_2023-10_05-400x267.jpg 400w, https:\/\/www.vorbei-ev.de\/wwwa\/wp-content\/uploads\/2023\/11\/bunker_2023-10_05-768x512.jpg 768w\" sizes=\"auto, (max-width: 706px) 89vw, (max-width: 767px) 82vw, 740px\" \/><figcaption id=\"caption-attachment-9996\" class=\"wp-caption-text\">Detailaufnahme des Hinweisschildes f\u00fcr Abl\u00fcfter &#8222;A&#8220;.<\/figcaption><\/figure>\n<p>&nbsp;<\/p>\n<p>Unser aktuelles Titelbild<\/p>\n<p>Unser <a href=\"https:\/\/www.vorbei-ev.de\/wwwa\/\" target=\"_blank\" rel=\"noopener\">aktuelles Titelbild auf der Startseite<\/a> zeigt den Blick aus der Wache, die sich im Haupteingang zu \u201eRegan Vest\u201c befindet. In den 60er Jahren unter h\u00f6chster Geheimhaltung erbaut, von einem typischen d\u00e4nischen Wohnhaus mit Garage verdeckt, gelegen in einer idyllischen Umgebung, liegt eines der aufw\u00e4ndigsten Bauwerke D\u00e4nemarks: Die Anlage \u201cRegan Vest\u201d sollte im Falle eines Milit\u00e4rschlages als Ausweichsitz das d\u00e4nische K\u00f6nigshaus, die Ministerien und wichtige Funktionen der d\u00e4nischen Politik und Verwaltung aufnehmen. Wir m\u00f6chten uns an dieser Stelle noch einmal herzlich f\u00fcr die Besuchsm\u00f6glichkeit und die freundliche Begegnung beim Nordjyllands Historiske Museum bedanken!<\/p>\n<p>&nbsp;<\/p>\n<div class=\"shariff shariff-align-left shariff-widget-align-left shariff-buttonstretch\" data-services=\"facebook\" data-url=\"https:\/\/www.vorbei-ev.de\/wwwa\/2023\/11\/17\/vereinsaktivitaeten-im-oktober-2023\/\" data-timestamp=\"1700250143\" data-backendurl=\"https:\/\/www.vorbei-ev.de\/wwwa\/wp-json\/shariff\/v1\/share_counts?\"><ul class=\"shariff-buttons theme-default orientation-horizontal buttonsize-medium\"><li class=\"shariff-button facebook shariff-nocustomcolor\" style=\"background-color:#4273c8\"><a href=\"https:\/\/www.facebook.com\/sharer\/sharer.php?u=https%3A%2F%2Fwww.vorbei-ev.de%2Fwwwa%2F2023%2F11%2F17%2Fvereinsaktivitaeten-im-oktober-2023%2F\" title=\"Bei Facebook teilen\" aria-label=\"Bei Facebook teilen\" role=\"button\" rel=\"nofollow\" class=\"shariff-link\" style=\"; background-color:#3b5998; color:#fff\" target=\"_blank\"><span class=\"shariff-icon\" style=\"\"><svg width=\"32px\" height=\"20px\" xmlns=\"http:\/\/www.w3.org\/2000\/svg\" viewBox=\"0 0 18 32\"><path fill=\"#3b5998\" d=\"M17.1 0.2v4.7h-2.8q-1.5 0-2.1 0.6t-0.5 1.9v3.4h5.2l-0.7 5.3h-4.5v13.6h-5.5v-13.6h-4.5v-5.3h4.5v-3.9q0-3.3 1.9-5.2t5-1.8q2.6 0 4.1 0.2z\"\/><\/svg><\/span><span class=\"shariff-text\">teilen<\/span>&nbsp;<\/a><\/li><li class=\"shariff-button twitter shariff-nocustomcolor\" style=\"background-color:#595959\"><a href=\"https:\/\/twitter.com\/share?url=https%3A%2F%2Fwww.vorbei-ev.de%2Fwwwa%2F2023%2F11%2F17%2Fvereinsaktivitaeten-im-oktober-2023%2F&text=Vereinsaktivit%C3%A4ten%20im%20Oktober%202023\" title=\"Bei X teilen\" aria-label=\"Bei X teilen\" role=\"button\" rel=\"noopener nofollow\" class=\"shariff-link\" style=\"; background-color:#000; color:#fff\" target=\"_blank\"><span class=\"shariff-icon\" style=\"\"><svg width=\"32px\" height=\"20px\" xmlns=\"http:\/\/www.w3.org\/2000\/svg\" viewBox=\"0 0 24 24\"><path fill=\"#000\" d=\"M14.258 10.152L23.176 0h-2.113l-7.747 8.813L7.133 0H0l9.352 13.328L0 23.973h2.113l8.176-9.309 6.531 9.309h7.133zm-2.895 3.293l-.949-1.328L2.875 1.56h3.246l6.086 8.523.945 1.328 7.91 11.078h-3.246zm0 0\"\/><\/svg><\/span><span class=\"shariff-text\">teilen<\/span>&nbsp;<\/a><\/li><li class=\"shariff-button whatsapp shariff-nocustomcolor\" style=\"background-color:#5cbe4a\"><a href=\"https:\/\/api.whatsapp.com\/send?text=https%3A%2F%2Fwww.vorbei-ev.de%2Fwwwa%2F2023%2F11%2F17%2Fvereinsaktivitaeten-im-oktober-2023%2F%20Vereinsaktivit%C3%A4ten%20im%20Oktober%202023\" title=\"Bei Whatsapp teilen\" aria-label=\"Bei Whatsapp teilen\" role=\"button\" rel=\"noopener nofollow\" class=\"shariff-link\" style=\"; background-color:#34af23; color:#fff\" target=\"_blank\"><span class=\"shariff-icon\" style=\"\"><svg width=\"32px\" height=\"20px\" xmlns=\"http:\/\/www.w3.org\/2000\/svg\" viewBox=\"0 0 32 32\"><path fill=\"#34af23\" d=\"M17.6 17.4q0.2 0 1.7 0.8t1.6 0.9q0 0.1 0 0.3 0 0.6-0.3 1.4-0.3 0.7-1.3 1.2t-1.8 0.5q-1 0-3.4-1.1-1.7-0.8-3-2.1t-2.6-3.3q-1.3-1.9-1.3-3.5v-0.1q0.1-1.6 1.3-2.8 0.4-0.4 0.9-0.4 0.1 0 0.3 0t0.3 0q0.3 0 0.5 0.1t0.3 0.5q0.1 0.4 0.6 1.6t0.4 1.3q0 0.4-0.6 1t-0.6 0.8q0 0.1 0.1 0.3 0.6 1.3 1.8 2.4 1 0.9 2.7 1.8 0.2 0.1 0.4 0.1 0.3 0 1-0.9t0.9-0.9zM14 26.9q2.3 0 4.3-0.9t3.6-2.4 2.4-3.6 0.9-4.3-0.9-4.3-2.4-3.6-3.6-2.4-4.3-0.9-4.3 0.9-3.6 2.4-2.4 3.6-0.9 4.3q0 3.6 2.1 6.6l-1.4 4.2 4.3-1.4q2.8 1.9 6.2 1.9zM14 2.2q2.7 0 5.2 1.1t4.3 2.9 2.9 4.3 1.1 5.2-1.1 5.2-2.9 4.3-4.3 2.9-5.2 1.1q-3.5 0-6.5-1.7l-7.4 2.4 2.4-7.2q-1.9-3.2-1.9-6.9 0-2.7 1.1-5.2t2.9-4.3 4.3-2.9 5.2-1.1z\"\/><\/svg><\/span><span class=\"shariff-text\">teilen<\/span>&nbsp;<\/a><\/li><li class=\"shariff-button telegram shariff-nocustomcolor\" style=\"background-color:#4084A6\"><a href=\"https:\/\/telegram.me\/share\/url?url=https%3A%2F%2Fwww.vorbei-ev.de%2Fwwwa%2F2023%2F11%2F17%2Fvereinsaktivitaeten-im-oktober-2023%2F&text=Vereinsaktivit%C3%A4ten%20im%20Oktober%202023\" title=\"Bei Telegram teilen\" aria-label=\"Bei Telegram teilen\" role=\"button\" rel=\"noopener nofollow\" class=\"shariff-link\" style=\"; background-color:#0088cc; color:#fff\" target=\"_blank\"><span class=\"shariff-icon\" style=\"\"><svg width=\"32px\" height=\"20px\" xmlns=\"http:\/\/www.w3.org\/2000\/svg\" viewBox=\"0 0 32 32\"><path fill=\"#0088cc\" d=\"M30.8 6.5l-4.5 21.4c-.3 1.5-1.2 1.9-2.5 1.2L16.9 24l-3.3 3.2c-.4.4-.7.7-1.4.7l.5-7L25.5 9.2c.6-.5-.1-.8-.9-.3l-15.8 10L2 16.7c-1.5-.5-1.5-1.5.3-2.2L28.9 4.3c1.3-.5 2.3.3 1.9 2.2z\"\/><\/svg><\/span><span class=\"shariff-text\">teilen<\/span>&nbsp;<\/a><\/li><\/ul><\/div>","protected":false},"excerpt":{"rendered":"<p>Im Oktober wurde unsere F57-Fernvermittlung in der Fernsprechvermittlung (Raum 01) der GSVBw 22 Elmlohe einer Funktions- und Sichtpr\u00fcfung unterzogen. Die GSVBw-Fernsprechvermittlung besteht aus 6 Vermittlungspl\u00e4tzen, die identisch aufgebaut sind. Jeder Vermittlungsplatz verf\u00fcgt \u00fcber ein Klinkenfeld mit jeweils 90 Klinkeneinheiten. F\u00fcr die Schaltung der Fernsprechverbindungen ist jeder Vermittlungsplatz mit 12 Schnurpaaren und einem Nummernschalter (W\u00e4hlscheibe) ausgestattet &hellip; <\/p>\n<p class=\"link-more\"><a href=\"https:\/\/www.vorbei-ev.de\/wwwa\/2023\/11\/17\/vereinsaktivitaeten-im-oktober-2023\/\" class=\"more-link\"><span class=\"screen-reader-text\">\u201eVereinsaktivit\u00e4ten im Oktober 2023\u201c <\/span>weiterlesen<\/a><\/p>\n","protected":false},"author":2,"featured_media":10001,"comment_status":"closed","ping_status":"open","sticky":false,"template":"","format":"image","meta":{"footnotes":""},"categories":[49],"tags":[],"class_list":["post-10005","post","type-post","status-publish","format-image","has-post-thumbnail","hentry","category-49","post_format-post-format-image"],"yoast_head":"<!-- This site is optimized with the Yoast SEO plugin v27.4 - https:\/\/yoast.com\/product\/yoast-seo-wordpress\/ -->\n<title>Vereinsaktivit\u00e4ten im Oktober 2023 - Vorbei e.V.<\/title>\n<meta name=\"description\" content=\"Im Oktober wurde unsere F57-Fernvermittlung in der Fernsprechvermittlung (Raum 01) der GSVBw 22 Elmlohe einer Funktions- und Sichtpr\u00fcfung unterzogen. Im Museumsbunker Hannover f\u00fchrten wir einen Probelauf der Abluftanlage durch.\" \/>\n<meta name=\"robots\" content=\"index, follow, max-snippet:-1, max-image-preview:large, max-video-preview:-1\" \/>\n<link rel=\"canonical\" href=\"https:\/\/www.vorbei-ev.de\/wwwa\/2023\/11\/17\/vereinsaktivitaeten-im-oktober-2023\/\" \/>\n<meta property=\"og:locale\" content=\"de_DE\" \/>\n<meta property=\"og:type\" content=\"article\" \/>\n<meta property=\"og:title\" content=\"Vereinsaktivit\u00e4ten im Oktober 2023 - Vorbei e.V.\" \/>\n<meta property=\"og:description\" content=\"Im Oktober wurde unsere F57-Fernvermittlung in der Fernsprechvermittlung (Raum 01) der GSVBw 22 Elmlohe einer Funktions- und Sichtpr\u00fcfung unterzogen. Im Museumsbunker Hannover f\u00fchrten wir einen Probelauf der Abluftanlage durch.\" \/>\n<meta property=\"og:url\" content=\"https:\/\/www.vorbei-ev.de\/wwwa\/2023\/11\/17\/vereinsaktivitaeten-im-oktober-2023\/\" \/>\n<meta property=\"og:site_name\" content=\"Vorbei e.V.\" \/>\n<meta property=\"article:publisher\" content=\"https:\/\/www.facebook.com\/groups\/107150626035606\/\" \/>\n<meta property=\"article:published_time\" content=\"2023-11-17T18:42:23+00:00\" \/>\n<meta property=\"og:image\" content=\"https:\/\/www.vorbei-ev.de\/wwwa\/wp-content\/uploads\/2023\/11\/bunker_blogtitelbild_202310.jpg\" \/>\n\t<meta property=\"og:image:width\" content=\"800\" \/>\n\t<meta property=\"og:image:height\" content=\"533\" \/>\n\t<meta property=\"og:image:type\" content=\"image\/jpeg\" \/>\n<meta name=\"author\" content=\"Lars Knauer\" \/>\n<meta name=\"twitter:card\" content=\"summary_large_image\" \/>\n<meta name=\"twitter:label1\" content=\"Verfasst von\" \/>\n\t<meta name=\"twitter:data1\" content=\"Lars Knauer\" \/>\n\t<meta name=\"twitter:label2\" content=\"Gesch\u00e4tzte Lesezeit\" \/>\n\t<meta name=\"twitter:data2\" content=\"6\u00a0Minuten\" \/>\n<script type=\"application\/ld+json\" class=\"yoast-schema-graph\">{\"@context\":\"https:\\\/\\\/schema.org\",\"@graph\":[{\"@type\":\"Article\",\"@id\":\"https:\\\/\\\/www.vorbei-ev.de\\\/wwwa\\\/2023\\\/11\\\/17\\\/vereinsaktivitaeten-im-oktober-2023\\\/#article\",\"isPartOf\":{\"@id\":\"https:\\\/\\\/www.vorbei-ev.de\\\/wwwa\\\/2023\\\/11\\\/17\\\/vereinsaktivitaeten-im-oktober-2023\\\/\"},\"author\":{\"name\":\"Lars Knauer\",\"@id\":\"https:\\\/\\\/www.vorbei-ev.de\\\/wwwa\\\/#\\\/schema\\\/person\\\/73a85b6f1e47d7e120f5469e01829e53\"},\"headline\":\"Vereinsaktivit\u00e4ten im Oktober 2023\",\"datePublished\":\"2023-11-17T18:42:23+00:00\",\"mainEntityOfPage\":{\"@id\":\"https:\\\/\\\/www.vorbei-ev.de\\\/wwwa\\\/2023\\\/11\\\/17\\\/vereinsaktivitaeten-im-oktober-2023\\\/\"},\"wordCount\":786,\"publisher\":{\"@id\":\"https:\\\/\\\/www.vorbei-ev.de\\\/wwwa\\\/#organization\"},\"image\":{\"@id\":\"https:\\\/\\\/www.vorbei-ev.de\\\/wwwa\\\/2023\\\/11\\\/17\\\/vereinsaktivitaeten-im-oktober-2023\\\/#primaryimage\"},\"thumbnailUrl\":\"https:\\\/\\\/www.vorbei-ev.de\\\/wwwa\\\/wp-content\\\/uploads\\\/2023\\\/11\\\/bunker_2023-10_10.jpg\",\"articleSection\":[\"2023\"],\"inLanguage\":\"de\"},{\"@type\":\"WebPage\",\"@id\":\"https:\\\/\\\/www.vorbei-ev.de\\\/wwwa\\\/2023\\\/11\\\/17\\\/vereinsaktivitaeten-im-oktober-2023\\\/\",\"url\":\"https:\\\/\\\/www.vorbei-ev.de\\\/wwwa\\\/2023\\\/11\\\/17\\\/vereinsaktivitaeten-im-oktober-2023\\\/\",\"name\":\"Vereinsaktivit\u00e4ten im Oktober 2023 - Vorbei e.V.\",\"isPartOf\":{\"@id\":\"https:\\\/\\\/www.vorbei-ev.de\\\/wwwa\\\/#website\"},\"primaryImageOfPage\":{\"@id\":\"https:\\\/\\\/www.vorbei-ev.de\\\/wwwa\\\/2023\\\/11\\\/17\\\/vereinsaktivitaeten-im-oktober-2023\\\/#primaryimage\"},\"image\":{\"@id\":\"https:\\\/\\\/www.vorbei-ev.de\\\/wwwa\\\/2023\\\/11\\\/17\\\/vereinsaktivitaeten-im-oktober-2023\\\/#primaryimage\"},\"thumbnailUrl\":\"https:\\\/\\\/www.vorbei-ev.de\\\/wwwa\\\/wp-content\\\/uploads\\\/2023\\\/11\\\/bunker_2023-10_10.jpg\",\"datePublished\":\"2023-11-17T18:42:23+00:00\",\"description\":\"Im Oktober wurde unsere F57-Fernvermittlung in der Fernsprechvermittlung (Raum 01) der GSVBw 22 Elmlohe einer Funktions- und Sichtpr\u00fcfung unterzogen. Im Museumsbunker Hannover f\u00fchrten wir einen Probelauf der Abluftanlage durch.\",\"breadcrumb\":{\"@id\":\"https:\\\/\\\/www.vorbei-ev.de\\\/wwwa\\\/2023\\\/11\\\/17\\\/vereinsaktivitaeten-im-oktober-2023\\\/#breadcrumb\"},\"inLanguage\":\"de\",\"potentialAction\":[{\"@type\":\"ReadAction\",\"target\":[\"https:\\\/\\\/www.vorbei-ev.de\\\/wwwa\\\/2023\\\/11\\\/17\\\/vereinsaktivitaeten-im-oktober-2023\\\/\"]}]},{\"@type\":\"ImageObject\",\"inLanguage\":\"de\",\"@id\":\"https:\\\/\\\/www.vorbei-ev.de\\\/wwwa\\\/2023\\\/11\\\/17\\\/vereinsaktivitaeten-im-oktober-2023\\\/#primaryimage\",\"url\":\"https:\\\/\\\/www.vorbei-ev.de\\\/wwwa\\\/wp-content\\\/uploads\\\/2023\\\/11\\\/bunker_2023-10_10.jpg\",\"contentUrl\":\"https:\\\/\\\/www.vorbei-ev.de\\\/wwwa\\\/wp-content\\\/uploads\\\/2023\\\/11\\\/bunker_2023-10_10.jpg\",\"width\":800,\"height\":600,\"caption\":\"Detailaufnahme der Flachrelais Typ 48.\"},{\"@type\":\"BreadcrumbList\",\"@id\":\"https:\\\/\\\/www.vorbei-ev.de\\\/wwwa\\\/2023\\\/11\\\/17\\\/vereinsaktivitaeten-im-oktober-2023\\\/#breadcrumb\",\"itemListElement\":[{\"@type\":\"ListItem\",\"position\":1,\"name\":\"Startseite\",\"item\":\"https:\\\/\\\/www.vorbei-ev.de\\\/wwwa\\\/\"},{\"@type\":\"ListItem\",\"position\":2,\"name\":\"Vereinsaktivit\u00e4ten im Oktober 2023\"}]},{\"@type\":\"WebSite\",\"@id\":\"https:\\\/\\\/www.vorbei-ev.de\\\/wwwa\\\/#website\",\"url\":\"https:\\\/\\\/www.vorbei-ev.de\\\/wwwa\\\/\",\"name\":\"Vorbei e.V.\",\"description\":\"Dokumentation und Erhalt zeitgeschichtlicher Bauwerke\",\"publisher\":{\"@id\":\"https:\\\/\\\/www.vorbei-ev.de\\\/wwwa\\\/#organization\"},\"potentialAction\":[{\"@type\":\"SearchAction\",\"target\":{\"@type\":\"EntryPoint\",\"urlTemplate\":\"https:\\\/\\\/www.vorbei-ev.de\\\/wwwa\\\/?s={search_term_string}\"},\"query-input\":{\"@type\":\"PropertyValueSpecification\",\"valueRequired\":true,\"valueName\":\"search_term_string\"}}],\"inLanguage\":\"de\"},{\"@type\":\"Organization\",\"@id\":\"https:\\\/\\\/www.vorbei-ev.de\\\/wwwa\\\/#organization\",\"name\":\"Vorbei e.V.\",\"url\":\"https:\\\/\\\/www.vorbei-ev.de\\\/wwwa\\\/\",\"logo\":{\"@type\":\"ImageObject\",\"inLanguage\":\"de\",\"@id\":\"https:\\\/\\\/www.vorbei-ev.de\\\/wwwa\\\/#\\\/schema\\\/logo\\\/image\\\/\",\"url\":\"https:\\\/\\\/www.vorbei-ev.de\\\/wwwa\\\/wp-content\\\/uploads\\\/2017\\\/04\\\/Logo_schwarz_640px.png\",\"contentUrl\":\"https:\\\/\\\/www.vorbei-ev.de\\\/wwwa\\\/wp-content\\\/uploads\\\/2017\\\/04\\\/Logo_schwarz_640px.png\",\"width\":640,\"height\":120,\"caption\":\"Vorbei e.V.\"},\"image\":{\"@id\":\"https:\\\/\\\/www.vorbei-ev.de\\\/wwwa\\\/#\\\/schema\\\/logo\\\/image\\\/\"},\"sameAs\":[\"https:\\\/\\\/www.facebook.com\\\/groups\\\/107150626035606\\\/\"]},{\"@type\":\"Person\",\"@id\":\"https:\\\/\\\/www.vorbei-ev.de\\\/wwwa\\\/#\\\/schema\\\/person\\\/73a85b6f1e47d7e120f5469e01829e53\",\"name\":\"Lars Knauer\",\"image\":{\"@type\":\"ImageObject\",\"inLanguage\":\"de\",\"@id\":\"https:\\\/\\\/secure.gravatar.com\\\/avatar\\\/c136720ef8906c1f38a1bab0adc43160b1ccd6793f5abe75d6ea003e09b6c569?s=96&d=mm&r=g\",\"url\":\"https:\\\/\\\/secure.gravatar.com\\\/avatar\\\/c136720ef8906c1f38a1bab0adc43160b1ccd6793f5abe75d6ea003e09b6c569?s=96&d=mm&r=g\",\"contentUrl\":\"https:\\\/\\\/secure.gravatar.com\\\/avatar\\\/c136720ef8906c1f38a1bab0adc43160b1ccd6793f5abe75d6ea003e09b6c569?s=96&d=mm&r=g\",\"caption\":\"Lars Knauer\"},\"url\":\"https:\\\/\\\/www.vorbei-ev.de\\\/wwwa\\\/author\\\/lars\\\/\"}]}<\/script>\n<!-- \/ Yoast SEO plugin. -->","yoast_head_json":{"title":"Vereinsaktivit\u00e4ten im Oktober 2023 - Vorbei e.V.","description":"Im Oktober wurde unsere F57-Fernvermittlung in der Fernsprechvermittlung (Raum 01) der GSVBw 22 Elmlohe einer Funktions- und Sichtpr\u00fcfung unterzogen. Im Museumsbunker Hannover f\u00fchrten wir einen Probelauf der Abluftanlage durch.","robots":{"index":"index","follow":"follow","max-snippet":"max-snippet:-1","max-image-preview":"max-image-preview:large","max-video-preview":"max-video-preview:-1"},"canonical":"https:\/\/www.vorbei-ev.de\/wwwa\/2023\/11\/17\/vereinsaktivitaeten-im-oktober-2023\/","og_locale":"de_DE","og_type":"article","og_title":"Vereinsaktivit\u00e4ten im Oktober 2023 - Vorbei e.V.","og_description":"Im Oktober wurde unsere F57-Fernvermittlung in der Fernsprechvermittlung (Raum 01) der GSVBw 22 Elmlohe einer Funktions- und Sichtpr\u00fcfung unterzogen. Im Museumsbunker Hannover f\u00fchrten wir einen Probelauf der Abluftanlage durch.","og_url":"https:\/\/www.vorbei-ev.de\/wwwa\/2023\/11\/17\/vereinsaktivitaeten-im-oktober-2023\/","og_site_name":"Vorbei e.V.","article_publisher":"https:\/\/www.facebook.com\/groups\/107150626035606\/","article_published_time":"2023-11-17T18:42:23+00:00","og_image":[{"width":800,"height":533,"url":"https:\/\/www.vorbei-ev.de\/wwwa\/wp-content\/uploads\/2023\/11\/bunker_blogtitelbild_202310.jpg","type":"image\/jpeg"}],"author":"Lars Knauer","twitter_card":"summary_large_image","twitter_misc":{"Verfasst von":"Lars Knauer","Gesch\u00e4tzte Lesezeit":"6\u00a0Minuten"},"schema":{"@context":"https:\/\/schema.org","@graph":[{"@type":"Article","@id":"https:\/\/www.vorbei-ev.de\/wwwa\/2023\/11\/17\/vereinsaktivitaeten-im-oktober-2023\/#article","isPartOf":{"@id":"https:\/\/www.vorbei-ev.de\/wwwa\/2023\/11\/17\/vereinsaktivitaeten-im-oktober-2023\/"},"author":{"name":"Lars Knauer","@id":"https:\/\/www.vorbei-ev.de\/wwwa\/#\/schema\/person\/73a85b6f1e47d7e120f5469e01829e53"},"headline":"Vereinsaktivit\u00e4ten im Oktober 2023","datePublished":"2023-11-17T18:42:23+00:00","mainEntityOfPage":{"@id":"https:\/\/www.vorbei-ev.de\/wwwa\/2023\/11\/17\/vereinsaktivitaeten-im-oktober-2023\/"},"wordCount":786,"publisher":{"@id":"https:\/\/www.vorbei-ev.de\/wwwa\/#organization"},"image":{"@id":"https:\/\/www.vorbei-ev.de\/wwwa\/2023\/11\/17\/vereinsaktivitaeten-im-oktober-2023\/#primaryimage"},"thumbnailUrl":"https:\/\/www.vorbei-ev.de\/wwwa\/wp-content\/uploads\/2023\/11\/bunker_2023-10_10.jpg","articleSection":["2023"],"inLanguage":"de"},{"@type":"WebPage","@id":"https:\/\/www.vorbei-ev.de\/wwwa\/2023\/11\/17\/vereinsaktivitaeten-im-oktober-2023\/","url":"https:\/\/www.vorbei-ev.de\/wwwa\/2023\/11\/17\/vereinsaktivitaeten-im-oktober-2023\/","name":"Vereinsaktivit\u00e4ten im Oktober 2023 - Vorbei e.V.","isPartOf":{"@id":"https:\/\/www.vorbei-ev.de\/wwwa\/#website"},"primaryImageOfPage":{"@id":"https:\/\/www.vorbei-ev.de\/wwwa\/2023\/11\/17\/vereinsaktivitaeten-im-oktober-2023\/#primaryimage"},"image":{"@id":"https:\/\/www.vorbei-ev.de\/wwwa\/2023\/11\/17\/vereinsaktivitaeten-im-oktober-2023\/#primaryimage"},"thumbnailUrl":"https:\/\/www.vorbei-ev.de\/wwwa\/wp-content\/uploads\/2023\/11\/bunker_2023-10_10.jpg","datePublished":"2023-11-17T18:42:23+00:00","description":"Im Oktober wurde unsere F57-Fernvermittlung in der Fernsprechvermittlung (Raum 01) der GSVBw 22 Elmlohe einer Funktions- und Sichtpr\u00fcfung unterzogen. Im Museumsbunker Hannover f\u00fchrten wir einen Probelauf der Abluftanlage durch.","breadcrumb":{"@id":"https:\/\/www.vorbei-ev.de\/wwwa\/2023\/11\/17\/vereinsaktivitaeten-im-oktober-2023\/#breadcrumb"},"inLanguage":"de","potentialAction":[{"@type":"ReadAction","target":["https:\/\/www.vorbei-ev.de\/wwwa\/2023\/11\/17\/vereinsaktivitaeten-im-oktober-2023\/"]}]},{"@type":"ImageObject","inLanguage":"de","@id":"https:\/\/www.vorbei-ev.de\/wwwa\/2023\/11\/17\/vereinsaktivitaeten-im-oktober-2023\/#primaryimage","url":"https:\/\/www.vorbei-ev.de\/wwwa\/wp-content\/uploads\/2023\/11\/bunker_2023-10_10.jpg","contentUrl":"https:\/\/www.vorbei-ev.de\/wwwa\/wp-content\/uploads\/2023\/11\/bunker_2023-10_10.jpg","width":800,"height":600,"caption":"Detailaufnahme der Flachrelais Typ 48."},{"@type":"BreadcrumbList","@id":"https:\/\/www.vorbei-ev.de\/wwwa\/2023\/11\/17\/vereinsaktivitaeten-im-oktober-2023\/#breadcrumb","itemListElement":[{"@type":"ListItem","position":1,"name":"Startseite","item":"https:\/\/www.vorbei-ev.de\/wwwa\/"},{"@type":"ListItem","position":2,"name":"Vereinsaktivit\u00e4ten im Oktober 2023"}]},{"@type":"WebSite","@id":"https:\/\/www.vorbei-ev.de\/wwwa\/#website","url":"https:\/\/www.vorbei-ev.de\/wwwa\/","name":"Vorbei e.V.","description":"Dokumentation und Erhalt zeitgeschichtlicher Bauwerke","publisher":{"@id":"https:\/\/www.vorbei-ev.de\/wwwa\/#organization"},"potentialAction":[{"@type":"SearchAction","target":{"@type":"EntryPoint","urlTemplate":"https:\/\/www.vorbei-ev.de\/wwwa\/?s={search_term_string}"},"query-input":{"@type":"PropertyValueSpecification","valueRequired":true,"valueName":"search_term_string"}}],"inLanguage":"de"},{"@type":"Organization","@id":"https:\/\/www.vorbei-ev.de\/wwwa\/#organization","name":"Vorbei e.V.","url":"https:\/\/www.vorbei-ev.de\/wwwa\/","logo":{"@type":"ImageObject","inLanguage":"de","@id":"https:\/\/www.vorbei-ev.de\/wwwa\/#\/schema\/logo\/image\/","url":"https:\/\/www.vorbei-ev.de\/wwwa\/wp-content\/uploads\/2017\/04\/Logo_schwarz_640px.png","contentUrl":"https:\/\/www.vorbei-ev.de\/wwwa\/wp-content\/uploads\/2017\/04\/Logo_schwarz_640px.png","width":640,"height":120,"caption":"Vorbei e.V."},"image":{"@id":"https:\/\/www.vorbei-ev.de\/wwwa\/#\/schema\/logo\/image\/"},"sameAs":["https:\/\/www.facebook.com\/groups\/107150626035606\/"]},{"@type":"Person","@id":"https:\/\/www.vorbei-ev.de\/wwwa\/#\/schema\/person\/73a85b6f1e47d7e120f5469e01829e53","name":"Lars Knauer","image":{"@type":"ImageObject","inLanguage":"de","@id":"https:\/\/secure.gravatar.com\/avatar\/c136720ef8906c1f38a1bab0adc43160b1ccd6793f5abe75d6ea003e09b6c569?s=96&d=mm&r=g","url":"https:\/\/secure.gravatar.com\/avatar\/c136720ef8906c1f38a1bab0adc43160b1ccd6793f5abe75d6ea003e09b6c569?s=96&d=mm&r=g","contentUrl":"https:\/\/secure.gravatar.com\/avatar\/c136720ef8906c1f38a1bab0adc43160b1ccd6793f5abe75d6ea003e09b6c569?s=96&d=mm&r=g","caption":"Lars Knauer"},"url":"https:\/\/www.vorbei-ev.de\/wwwa\/author\/lars\/"}]}},"_links":{"self":[{"href":"https:\/\/www.vorbei-ev.de\/wwwa\/wp-json\/wp\/v2\/posts\/10005","targetHints":{"allow":["GET"]}}],"collection":[{"href":"https:\/\/www.vorbei-ev.de\/wwwa\/wp-json\/wp\/v2\/posts"}],"about":[{"href":"https:\/\/www.vorbei-ev.de\/wwwa\/wp-json\/wp\/v2\/types\/post"}],"author":[{"embeddable":true,"href":"https:\/\/www.vorbei-ev.de\/wwwa\/wp-json\/wp\/v2\/users\/2"}],"replies":[{"embeddable":true,"href":"https:\/\/www.vorbei-ev.de\/wwwa\/wp-json\/wp\/v2\/comments?post=10005"}],"version-history":[{"count":1,"href":"https:\/\/www.vorbei-ev.de\/wwwa\/wp-json\/wp\/v2\/posts\/10005\/revisions"}],"predecessor-version":[{"id":10006,"href":"https:\/\/www.vorbei-ev.de\/wwwa\/wp-json\/wp\/v2\/posts\/10005\/revisions\/10006"}],"wp:featuredmedia":[{"embeddable":true,"href":"https:\/\/www.vorbei-ev.de\/wwwa\/wp-json\/wp\/v2\/media\/10001"}],"wp:attachment":[{"href":"https:\/\/www.vorbei-ev.de\/wwwa\/wp-json\/wp\/v2\/media?parent=10005"}],"wp:term":[{"taxonomy":"category","embeddable":true,"href":"https:\/\/www.vorbei-ev.de\/wwwa\/wp-json\/wp\/v2\/categories?post=10005"},{"taxonomy":"post_tag","embeddable":true,"href":"https:\/\/www.vorbei-ev.de\/wwwa\/wp-json\/wp\/v2\/tags?post=10005"}],"curies":[{"name":"wp","href":"https:\/\/api.w.org\/{rel}","templated":true}]}}